{"id":2746,"date":"2019-02-12T23:35:02","date_gmt":"2019-02-12T22:35:02","guid":{"rendered":"http:\/\/agora.xtec.cat\/ceip-ignasiiglesias-cornella\/?p=2746"},"modified":"2019-02-12T23:35:02","modified_gmt":"2019-02-12T22:35:02","slug":"el-follet-oriol","status":"publish","type":"post","link":"https:\/\/agora.xtec.cat\/ceip-ignasiiglesias-cornella\/primaria\/el-follet-oriol\/","title":{"rendered":"El follet Oriol"},"content":{"rendered":"<p>Les nostres i els nostres padrins de cicle superior han vingut a l&#8217;aula a fent-se un regal molt especial!<\/p>\n<p>Ens han interpretat un dels contes de la col\u00b7lecci\u00f3\u00a0del Follet Oriol!!!<\/p>\n<p>Ens ha fet molta il\u00b7lusi\u00f3 perqu\u00e8 coneixem al protagonistes i a m\u00e9s a m\u00e9s els nostres companys ho han fet genial!\u00a0<a href=\"https:\/\/photos.app.goo.gl\/eLW8dwmJqc16NC1g9\">enlla\u00e7<\/a><\/p>\n","protected":false},"excerpt":{"rendered":"<p>Les nostres i els nostres padrins de cicle superior han vingut a l&#8217;aula a fent-se un regal molt especial!<br \/>\nEns han interpretat un dels contes de la col\u00b7lecci\u00f3\u00a0del Follet Oriol!!!<br \/>\nEns ha fet molta il\u00b7lusi\u00f3 perqu\u00e8 coneixem al protagonistes i a m\u00e9s a m\u00e9s els nostres companys&hellip;  <a href=\"https:\/\/agora.xtec.cat\/ceip-ignasiiglesias-cornella\/primaria\/el-follet-oriol\/\" title=\"Read El follet Oriol\">Llegeix m\u00e9s\u00bb<\/a><\/p>\n","protected":false},"author":8,"featured_media":0,"comment_status":"open","ping_status":"closed","sticky":false,"template":"","format":"standard","meta":{"_bbp_topic_count":0,"_bbp_reply_count":0,"_bbp_total_topic_count":0,"_bbp_total_reply_count":0,"_bbp_voice_count":0,"_bbp_anonymous_reply_count":0,"_bbp_topic_count_hidden":0,"_bbp_reply_count_hidden":0,"_bbp_forum_subforum_count":0,"footnotes":""},"categories":[10,5],"tags":[137,135,136,138],"class_list":["post-2746","post","type-post","status-publish","format-standard","hentry","category-cicle-inicial","category-primaria","tag-cicle-inicial","tag-cicle-superior","tag-cinque","tag-primer"],"post_mailing_queue_ids":[],"_links":{"self":[{"href":"https:\/\/agora.xtec.cat\/ceip-ignasiiglesias-cornella\/wp-json\/wp\/v2\/posts\/2746","targetHints":{"allow":["GET"]}}],"collection":[{"href":"https:\/\/agora.xtec.cat\/ceip-ignasiiglesias-cornella\/wp-json\/wp\/v2\/posts"}],"about":[{"href":"https:\/\/agora.xtec.cat\/ceip-ignasiiglesias-cornella\/wp-json\/wp\/v2\/types\/post"}],"author":[{"embeddable":true,"href":"https:\/\/agora.xtec.cat\/ceip-ignasiiglesias-cornella\/wp-json\/wp\/v2\/users\/8"}],"replies":[{"embeddable":true,"href":"https:\/\/agora.xtec.cat\/ceip-ignasiiglesias-cornella\/wp-json\/wp\/v2\/comments?post=2746"}],"version-history":[{"count":2,"href":"https:\/\/agora.xtec.cat\/ceip-ignasiiglesias-cornella\/wp-json\/wp\/v2\/posts\/2746\/revisions"}],"predecessor-version":[{"id":2748,"href":"https:\/\/agora.xtec.cat\/ceip-ignasiiglesias-cornella\/wp-json\/wp\/v2\/posts\/2746\/revisions\/2748"}],"wp:attachment":[{"href":"https:\/\/agora.xtec.cat\/ceip-ignasiiglesias-cornella\/wp-json\/wp\/v2\/media?parent=2746"}],"wp:term":[{"taxonomy":"category","embeddable":true,"href":"https:\/\/agora.xtec.cat\/ceip-ignasiiglesias-cornella\/wp-json\/wp\/v2\/categories?post=2746"},{"taxonomy":"post_tag","embeddable":true,"href":"https:\/\/agora.xtec.cat\/ceip-ignasiiglesias-cornella\/wp-json\/wp\/v2\/tags?post=2746"}],"curies":[{"name":"wp","href":"https:\/\/api.w.org\/{rel}","templated":true}]}}