{"id":2735,"date":"2019-02-12T23:40:32","date_gmt":"2019-02-12T22:40:32","guid":{"rendered":"http:\/\/agora.xtec.cat\/ceip-ignasiiglesias-cornella\/?p=2735"},"modified":"2019-02-12T23:40:32","modified_gmt":"2019-02-12T22:40:32","slug":"els-pirates-fem-carrecs","status":"publish","type":"post","link":"https:\/\/agora.xtec.cat\/ceip-ignasiiglesias-cornella\/infantil\/els-pirates-fem-carrecs\/","title":{"rendered":"Els pirates fem c\u00e0rrecs"},"content":{"rendered":"<p>Cada mat\u00ed per parelles iniciem els c\u00e0rrecs de classe. En tenim 10 de diferents i els fem molt b\u00e9, ajudant-nos si ens cal.<\/p>\n<p>Mireu com ho fem!<\/p>\n<p><a href=\"https:\/\/photos.app.goo.gl\/xNcchVULizCqd3xH8\">https:\/\/photos.app.goo.gl\/xNcchVULizCqd3xH8<\/a><\/p>\n<p>&nbsp;<\/p>\n","protected":false},"excerpt":{"rendered":"<p>Cada mat\u00ed per parelles iniciem els c\u00e0rrecs de classe. En tenim 10 de diferents i els fem molt b\u00e9, ajudant-nos si ens cal.<br \/>\nMireu com ho fem!<br \/>\n<a href=\"https:\/\/photos.app.goo.gl\/xNcchVULizCqd3xH8\">https:\/\/photos.app.goo.gl\/xNcchVULizCqd3xH8<\/a><br \/>\n&nbsp;<\/p>\n","protected":false},"author":1,"featured_media":2754,"comment_status":"open","ping_status":"closed","sticky":false,"template":"","format":"standard","meta":{"_bbp_topic_count":0,"_bbp_reply_count":0,"_bbp_total_topic_count":0,"_bbp_total_reply_count":0,"_bbp_voice_count":0,"_bbp_anonymous_reply_count":0,"_bbp_topic_count_hidden":0,"_bbp_reply_count_hidden":0,"_bbp_forum_subforum_count":0,"footnotes":""},"categories":[2,8],"tags":[477,543,85,93],"class_list":["post-2735","post","type-post","status-publish","format-standard","has-post-thumbnail","hentry","category-infantil","category-p4","tag-18-19","tag-carrecs","tag-infantil","tag-p4"],"post_mailing_queue_ids":[],"_links":{"self":[{"href":"https:\/\/agora.xtec.cat\/ceip-ignasiiglesias-cornella\/wp-json\/wp\/v2\/posts\/2735","targetHints":{"allow":["GET"]}}],"collection":[{"href":"https:\/\/agora.xtec.cat\/ceip-ignasiiglesias-cornella\/wp-json\/wp\/v2\/posts"}],"about":[{"href":"https:\/\/agora.xtec.cat\/ceip-ignasiiglesias-cornella\/wp-json\/wp\/v2\/types\/post"}],"author":[{"embeddable":true,"href":"https:\/\/agora.xtec.cat\/ceip-ignasiiglesias-cornella\/wp-json\/wp\/v2\/users\/1"}],"replies":[{"embeddable":true,"href":"https:\/\/agora.xtec.cat\/ceip-ignasiiglesias-cornella\/wp-json\/wp\/v2\/comments?post=2735"}],"version-history":[{"count":4,"href":"https:\/\/agora.xtec.cat\/ceip-ignasiiglesias-cornella\/wp-json\/wp\/v2\/posts\/2735\/revisions"}],"predecessor-version":[{"id":2753,"href":"https:\/\/agora.xtec.cat\/ceip-ignasiiglesias-cornella\/wp-json\/wp\/v2\/posts\/2735\/revisions\/2753"}],"wp:featuredmedia":[{"embeddable":true,"href":"https:\/\/agora.xtec.cat\/ceip-ignasiiglesias-cornella\/wp-json\/wp\/v2\/media\/2754"}],"wp:attachment":[{"href":"https:\/\/agora.xtec.cat\/ceip-ignasiiglesias-cornella\/wp-json\/wp\/v2\/media?parent=2735"}],"wp:term":[{"taxonomy":"category","embeddable":true,"href":"https:\/\/agora.xtec.cat\/ceip-ignasiiglesias-cornella\/wp-json\/wp\/v2\/categories?post=2735"},{"taxonomy":"post_tag","embeddable":true,"href":"https:\/\/agora.xtec.cat\/ceip-ignasiiglesias-cornella\/wp-json\/wp\/v2\/tags?post=2735"}],"curies":[{"name":"wp","href":"https:\/\/api.w.org\/{rel}","templated":true}]}}