{"id":2711,"date":"2019-02-06T21:09:21","date_gmt":"2019-02-06T20:09:21","guid":{"rendered":"http:\/\/agora.xtec.cat\/ceip-ignasiiglesias-cornella\/?p=2711"},"modified":"2019-02-06T21:09:21","modified_gmt":"2019-02-06T20:09:21","slug":"el-cinema-a-lescola","status":"publish","type":"post","link":"https:\/\/agora.xtec.cat\/ceip-ignasiiglesias-cornella\/primaria\/el-cinema-a-lescola\/","title":{"rendered":"El cinema a l&#8217;escola"},"content":{"rendered":"<p>Aquest curs l&#8217;escola s&#8217;endinsa al m\u00f3n del cinema.<br \/>\nLes nenes i els nens de primer estem encantandissims d&#8217;aquesta proposta, per\u00f2 ara, hem de decidir quin ser\u00e0 el tema que donar\u00e0 el nom a les nostres classes de PRIMER.<\/p>\n<p>Per decidir el nom de la classe vam fer una pluja d&#8217;idees, i vam anar apuntant a\u00a0la pissarra les propostes que van anar sorgint.<br \/>\nVam dir idees com&#8230; les pel\u00b7l\u00edcules, l&#8217;Splau, les llaminadures, les crispetes&#8230;<\/p>\n<p>Quan vam fer la posada en com\u00fa nom\u00e9s faltava votar el nom que m\u00e9s ens agrada i el nom escollit va ser&#8230; LES CRISPETES!!!<a href=\"https:\/\/agora.xtec.cat\/ceip-ignasiiglesias-cornella\/wp-content\/uploads\/usu1592\/2019\/02\/fullsizeoutput_fd6.jpeg\"><img loading=\"lazy\" decoding=\"async\" class=\"aligncenter size-full wp-image-2712\" src=\"https:\/\/agora.xtec.cat\/ceip-ignasiiglesias-cornella\/wp-content\/uploads\/usu1592\/2019\/02\/fullsizeoutput_fd6.jpeg\" alt=\"\" width=\"626\" height=\"352\" srcset=\"https:\/\/agora.xtec.cat\/ceip-ignasiiglesias-cornella\/wp-content\/uploads\/usu1592\/2019\/02\/fullsizeoutput_fd6.jpeg 626w, https:\/\/agora.xtec.cat\/ceip-ignasiiglesias-cornella\/wp-content\/uploads\/usu1592\/2019\/02\/fullsizeoutput_fd6-300x169.jpeg 300w\" sizes=\"auto, (max-width: 626px) 100vw, 626px\" \/><\/a><\/p>\n","protected":false},"excerpt":{"rendered":"<p>Aquest curs l&#8217;escola s&#8217;endinsa al m\u00f3n del cinema.<br \/>\nLes nenes i els nens de primer estem encantandissims d&#8217;aquesta proposta, per\u00f2 ara, hem de decidir quin ser\u00e0 el tema que donar\u00e0 el nom a les nostres classes de PRIMER.<br \/>\nPer decidir el nom de la classe vam fer&hellip;  <a href=\"https:\/\/agora.xtec.cat\/ceip-ignasiiglesias-cornella\/primaria\/el-cinema-a-lescola\/\" title=\"Read El cinema a l&#8217;escola\">Llegeix m\u00e9s\u00bb<\/a><\/p>\n","protected":false},"author":8,"featured_media":2712,"comment_status":"open","ping_status":"closed","sticky":false,"template":"","format":"standard","meta":{"_bbp_topic_count":0,"_bbp_reply_count":0,"_bbp_total_topic_count":0,"_bbp_total_reply_count":0,"_bbp_voice_count":0,"_bbp_anonymous_reply_count":0,"_bbp_topic_count_hidden":0,"_bbp_reply_count_hidden":0,"_bbp_forum_subforum_count":0,"footnotes":""},"categories":[10,5],"tags":[140,100],"class_list":["post-2711","post","type-post","status-publish","format-standard","has-post-thumbnail","hentry","category-cicle-inicial","category-primaria","tag-cinema","tag-inicial"],"post_mailing_queue_ids":[],"_links":{"self":[{"href":"https:\/\/agora.xtec.cat\/ceip-ignasiiglesias-cornella\/wp-json\/wp\/v2\/posts\/2711","targetHints":{"allow":["GET"]}}],"collection":[{"href":"https:\/\/agora.xtec.cat\/ceip-ignasiiglesias-cornella\/wp-json\/wp\/v2\/posts"}],"about":[{"href":"https:\/\/agora.xtec.cat\/ceip-ignasiiglesias-cornella\/wp-json\/wp\/v2\/types\/post"}],"author":[{"embeddable":true,"href":"https:\/\/agora.xtec.cat\/ceip-ignasiiglesias-cornella\/wp-json\/wp\/v2\/users\/8"}],"replies":[{"embeddable":true,"href":"https:\/\/agora.xtec.cat\/ceip-ignasiiglesias-cornella\/wp-json\/wp\/v2\/comments?post=2711"}],"version-history":[{"count":3,"href":"https:\/\/agora.xtec.cat\/ceip-ignasiiglesias-cornella\/wp-json\/wp\/v2\/posts\/2711\/revisions"}],"predecessor-version":[{"id":2724,"href":"https:\/\/agora.xtec.cat\/ceip-ignasiiglesias-cornella\/wp-json\/wp\/v2\/posts\/2711\/revisions\/2724"}],"wp:featuredmedia":[{"embeddable":true,"href":"https:\/\/agora.xtec.cat\/ceip-ignasiiglesias-cornella\/wp-json\/wp\/v2\/media\/2712"}],"wp:attachment":[{"href":"https:\/\/agora.xtec.cat\/ceip-ignasiiglesias-cornella\/wp-json\/wp\/v2\/media?parent=2711"}],"wp:term":[{"taxonomy":"category","embeddable":true,"href":"https:\/\/agora.xtec.cat\/ceip-ignasiiglesias-cornella\/wp-json\/wp\/v2\/categories?post=2711"},{"taxonomy":"post_tag","embeddable":true,"href":"https:\/\/agora.xtec.cat\/ceip-ignasiiglesias-cornella\/wp-json\/wp\/v2\/tags?post=2711"}],"curies":[{"name":"wp","href":"https:\/\/api.w.org\/{rel}","templated":true}]}}