{"id":2706,"date":"2019-04-11T21:53:57","date_gmt":"2019-04-11T19:53:57","guid":{"rendered":"http:\/\/agora.xtec.cat\/ceip-ignasiiglesias-cornella\/?p=2706"},"modified":"2019-04-11T21:53:57","modified_gmt":"2019-04-11T19:53:57","slug":"pasta-de-sal","status":"publish","type":"post","link":"https:\/\/agora.xtec.cat\/ceip-ignasiiglesias-cornella\/primaria\/pasta-de-sal\/","title":{"rendered":"Pasta de sal"},"content":{"rendered":"<p>Les crispetes portem diverses setmanes treballant el pintor Gustav Klimt i les seves obres. Ens hem centrat en la magnifica obra d\u2019art \u00a0<em>L\u2019arbre de la vida<\/em> i despr\u00e9s de veure amb quins colors treballava i sobre quin material, hem volgut crear \u201cel nostre arbre de la vida\u201d elaborant-lo amb pasta de sal. Ens hem embrutat molt per\u00f2 hem gaudit i apr\u00e8s encara m\u00e9s.<\/p>\n<p>Si voleu veure el proc\u00e9s de creaci\u00f3 cliqueu\u00a0<a href=\"https:\/\/agora.xtec.cat\/ceip-ignasiiglesias-cornella\/fotos\/cicle-inicial-2018-2019\/\">aqu\u00ed.<\/a><\/p>\n<p><a href=\"https:\/\/agora.xtec.cat\/ceip-ignasiiglesias-cornella\/wp-content\/uploads\/usu1592\/2019\/02\/IMG_20190201_093825.jpg\"><img loading=\"lazy\" decoding=\"async\" class=\"wp-image-2707 aligncenter\" src=\"https:\/\/agora.xtec.cat\/ceip-ignasiiglesias-cornella\/wp-content\/uploads\/usu1592\/2019\/02\/IMG_20190201_093825-768x1024.jpg\" alt=\"\" width=\"324\" height=\"432\" srcset=\"https:\/\/agora.xtec.cat\/ceip-ignasiiglesias-cornella\/wp-content\/uploads\/usu1592\/2019\/02\/IMG_20190201_093825-768x1024.jpg 768w, https:\/\/agora.xtec.cat\/ceip-ignasiiglesias-cornella\/wp-content\/uploads\/usu1592\/2019\/02\/IMG_20190201_093825-225x300.jpg 225w\" sizes=\"auto, (max-width: 324px) 100vw, 324px\" \/><\/a><\/p>\n<p>.<\/p>\n","protected":false},"excerpt":{"rendered":"<p>Les crispetes portem diverses setmanes treballant el pintor Gustav Klimt i les seves obres. Ens hem centrat en la magnifica obra d\u2019art \u00a0L\u2019arbre de la vida i despr\u00e9s de veure amb quins colors treballava i sobre quin material, hem volgut crear \u201cel nostre arbre de&hellip;  <a href=\"https:\/\/agora.xtec.cat\/ceip-ignasiiglesias-cornella\/primaria\/pasta-de-sal\/\" title=\"Read Pasta de sal\">Llegeix m\u00e9s\u00bb<\/a><\/p>\n","protected":false},"author":8,"featured_media":3077,"comment_status":"open","ping_status":"closed","sticky":false,"template":"","format":"standard","meta":{"_bbp_topic_count":0,"_bbp_reply_count":0,"_bbp_total_topic_count":0,"_bbp_total_reply_count":0,"_bbp_voice_count":0,"_bbp_anonymous_reply_count":0,"_bbp_topic_count_hidden":0,"_bbp_reply_count_hidden":0,"_bbp_forum_subforum_count":0,"footnotes":""},"categories":[10,5],"tags":[116,456,535,534,537,536,533,17,138],"class_list":["post-2706","post","type-post","status-publish","format-standard","has-post-thumbnail","hentry","category-cicle-inicial","category-primaria","tag-1r","tag-crispetes","tag-diversio","tag-gustav-klimt","tag-imaginacio","tag-manualitat","tag-pasta-de-sal","tag-plastica","tag-primer"],"post_mailing_queue_ids":[],"_links":{"self":[{"href":"https:\/\/agora.xtec.cat\/ceip-ignasiiglesias-cornella\/wp-json\/wp\/v2\/posts\/2706","targetHints":{"allow":["GET"]}}],"collection":[{"href":"https:\/\/agora.xtec.cat\/ceip-ignasiiglesias-cornella\/wp-json\/wp\/v2\/posts"}],"about":[{"href":"https:\/\/agora.xtec.cat\/ceip-ignasiiglesias-cornella\/wp-json\/wp\/v2\/types\/post"}],"author":[{"embeddable":true,"href":"https:\/\/agora.xtec.cat\/ceip-ignasiiglesias-cornella\/wp-json\/wp\/v2\/users\/8"}],"replies":[{"embeddable":true,"href":"https:\/\/agora.xtec.cat\/ceip-ignasiiglesias-cornella\/wp-json\/wp\/v2\/comments?post=2706"}],"version-history":[{"count":3,"href":"https:\/\/agora.xtec.cat\/ceip-ignasiiglesias-cornella\/wp-json\/wp\/v2\/posts\/2706\/revisions"}],"predecessor-version":[{"id":3078,"href":"https:\/\/agora.xtec.cat\/ceip-ignasiiglesias-cornella\/wp-json\/wp\/v2\/posts\/2706\/revisions\/3078"}],"wp:featuredmedia":[{"embeddable":true,"href":"https:\/\/agora.xtec.cat\/ceip-ignasiiglesias-cornella\/wp-json\/wp\/v2\/media\/3077"}],"wp:attachment":[{"href":"https:\/\/agora.xtec.cat\/ceip-ignasiiglesias-cornella\/wp-json\/wp\/v2\/media?parent=2706"}],"wp:term":[{"taxonomy":"category","embeddable":true,"href":"https:\/\/agora.xtec.cat\/ceip-ignasiiglesias-cornella\/wp-json\/wp\/v2\/categories?post=2706"},{"taxonomy":"post_tag","embeddable":true,"href":"https:\/\/agora.xtec.cat\/ceip-ignasiiglesias-cornella\/wp-json\/wp\/v2\/tags?post=2706"}],"curies":[{"name":"wp","href":"https:\/\/api.w.org\/{rel}","templated":true}]}}