{"id":2688,"date":"2019-02-12T23:42:35","date_gmt":"2019-02-12T22:42:35","guid":{"rendered":"http:\/\/agora.xtec.cat\/ceip-ignasiiglesias-cornella\/?p=2688"},"modified":"2019-02-12T23:42:35","modified_gmt":"2019-02-12T22:42:35","slug":"gaudim-de-la-tardor-a-laire-lliure-a-calders","status":"publish","type":"post","link":"https:\/\/agora.xtec.cat\/ceip-ignasiiglesias-cornella\/primaria\/gaudim-de-la-tardor-a-laire-lliure-a-calders\/","title":{"rendered":"Gaudim de la tardor a l&#8217;aire lliure a Calders!!!"},"content":{"rendered":"<p>Vam anar d&#8217;excursi\u00f3 a Calders a visitar a la senyora Castanyera. All\u00e0 ens ho vam passar molt b\u00e9 fent activitats i torrant castanyes!<br \/>\nVisca la TARDOR&#8230;<\/p>\n<p>Per poder veure les fotos feu click al seg\u00fcent\u00a0<a href=\"https:\/\/photos.app.goo.gl\/hNYc9N9B31CsyWAt9\">enlla\u00e7<\/a><\/p>\n","protected":false},"excerpt":{"rendered":"<p>Vam anar d&#8217;excursi\u00f3 a Calders a visitar a la senyora Castanyera. All\u00e0 ens ho vam passar molt b\u00e9 fent activitats i torrant castanyes!<br \/>\nVisca la TARDOR&#8230;<br \/>\nPer poder veure les fotos feu click al seg\u00fcent\u00a0<a href=\"https:\/\/photos.app.goo.gl\/hNYc9N9B31CsyWAt9\">enlla\u00e7<\/a><\/p>\n","protected":false},"author":8,"featured_media":2756,"comment_status":"open","ping_status":"closed","sticky":false,"template":"","format":"standard","meta":{"_bbp_topic_count":0,"_bbp_reply_count":0,"_bbp_total_topic_count":0,"_bbp_total_reply_count":0,"_bbp_voice_count":0,"_bbp_anonymous_reply_count":0,"_bbp_topic_count_hidden":0,"_bbp_reply_count_hidden":0,"_bbp_forum_subforum_count":0,"footnotes":""},"categories":[10,5],"tags":[75,76,137,397,138,141],"class_list":["post-2688","post","type-post","status-publish","format-standard","has-post-thumbnail","hentry","category-cicle-inicial","category-primaria","tag-castanyada","tag-castanyera","tag-cicle-inicial","tag-excursio","tag-primer","tag-sortida"],"post_mailing_queue_ids":[],"_links":{"self":[{"href":"https:\/\/agora.xtec.cat\/ceip-ignasiiglesias-cornella\/wp-json\/wp\/v2\/posts\/2688","targetHints":{"allow":["GET"]}}],"collection":[{"href":"https:\/\/agora.xtec.cat\/ceip-ignasiiglesias-cornella\/wp-json\/wp\/v2\/posts"}],"about":[{"href":"https:\/\/agora.xtec.cat\/ceip-ignasiiglesias-cornella\/wp-json\/wp\/v2\/types\/post"}],"author":[{"embeddable":true,"href":"https:\/\/agora.xtec.cat\/ceip-ignasiiglesias-cornella\/wp-json\/wp\/v2\/users\/8"}],"replies":[{"embeddable":true,"href":"https:\/\/agora.xtec.cat\/ceip-ignasiiglesias-cornella\/wp-json\/wp\/v2\/comments?post=2688"}],"version-history":[{"count":4,"href":"https:\/\/agora.xtec.cat\/ceip-ignasiiglesias-cornella\/wp-json\/wp\/v2\/posts\/2688\/revisions"}],"predecessor-version":[{"id":2757,"href":"https:\/\/agora.xtec.cat\/ceip-ignasiiglesias-cornella\/wp-json\/wp\/v2\/posts\/2688\/revisions\/2757"}],"wp:featuredmedia":[{"embeddable":true,"href":"https:\/\/agora.xtec.cat\/ceip-ignasiiglesias-cornella\/wp-json\/wp\/v2\/media\/2756"}],"wp:attachment":[{"href":"https:\/\/agora.xtec.cat\/ceip-ignasiiglesias-cornella\/wp-json\/wp\/v2\/media?parent=2688"}],"wp:term":[{"taxonomy":"category","embeddable":true,"href":"https:\/\/agora.xtec.cat\/ceip-ignasiiglesias-cornella\/wp-json\/wp\/v2\/categories?post=2688"},{"taxonomy":"post_tag","embeddable":true,"href":"https:\/\/agora.xtec.cat\/ceip-ignasiiglesias-cornella\/wp-json\/wp\/v2\/tags?post=2688"}],"curies":[{"name":"wp","href":"https:\/\/api.w.org\/{rel}","templated":true}]}}