{"id":2681,"date":"2019-02-06T20:59:46","date_gmt":"2019-02-06T19:59:46","guid":{"rendered":"http:\/\/agora.xtec.cat\/ceip-ignasiiglesias-cornella\/?p=2681"},"modified":"2019-02-06T20:59:46","modified_gmt":"2019-02-06T19:59:46","slug":"2n-camera-i-accio","status":"publish","type":"post","link":"https:\/\/agora.xtec.cat\/ceip-ignasiiglesias-cornella\/primaria\/2n-camera-i-accio\/","title":{"rendered":"2n C\u00e0mera i acci\u00f3!"},"content":{"rendered":"<p><span lang=\"CA\">A l&#8217;inici de curs l\u2019Anna i la Marta ens van dir que l\u2019escola \u201ces vestia de cinema\u201d. Aix\u00ed que vam decidir ajuntar-nos les dues classes per decidir que vol\u00edem saber \u00a0d\u2019aquest tema. Vam parlar de moltes possibilitats, per\u00f2 despr\u00e9s de les votacions el tema guanyador va ser : C\u00e0mera i Acci\u00f3!. Vam realitzar algunes activitats relacionades amb la \u201cclaqueta\u201d i tot just aquest trimestre ens endinsem en el m\u00f3n de la hist\u00f2ria i la producci\u00f3 de les pel\u00b7l\u00edcules.(per poder veure alguna foto cliqueu <a href=\"https:\/\/photos.app.goo.gl\/hGjYmtnEM5VbPBpB8\"><strong>aqu\u00ed)<\/strong><\/a><\/span><\/p>\n<p><img loading=\"lazy\" decoding=\"async\" class=\"aligncenter size-medium wp-image-2679\" src=\"https:\/\/agora.xtec.cat\/ceip-ignasiiglesias-cornella\/wp-content\/uploads\/usu1592\/2019\/01\/IMG_20190128_085205-1-300x225.jpg\" alt=\"\" width=\"300\" height=\"225\" \/><\/p>\n","protected":false},"excerpt":{"rendered":"<p>A l&#8217;inici de curs l\u2019Anna i la Marta ens van dir que l\u2019escola \u201ces vestia de cinema\u201d. Aix\u00ed que vam decidir ajuntar-nos les dues classes per decidir que vol\u00edem saber \u00a0d\u2019aquest tema. Vam parlar de moltes possibilitats, per\u00f2 despr\u00e9s de les votacions el tema guanyador&hellip;  <a href=\"https:\/\/agora.xtec.cat\/ceip-ignasiiglesias-cornella\/primaria\/2n-camera-i-accio\/\" title=\"Read 2n C\u00e0mera i acci\u00f3!\">Llegeix m\u00e9s\u00bb<\/a><\/p>\n","protected":false},"author":1,"featured_media":2679,"comment_status":"open","ping_status":"closed","sticky":false,"template":"","format":"standard","meta":{"_bbp_topic_count":0,"_bbp_reply_count":0,"_bbp_total_topic_count":0,"_bbp_total_reply_count":0,"_bbp_voice_count":0,"_bbp_anonymous_reply_count":0,"_bbp_topic_count_hidden":0,"_bbp_reply_count_hidden":0,"_bbp_forum_subforum_count":0,"footnotes":""},"categories":[10,5],"tags":[210,529,137,310,140,530,125,252,101],"class_list":["post-2681","post","type-post","status-publish","format-standard","has-post-thumbnail","hentry","category-cicle-inicial","category-primaria","tag-2n","tag-cameraiaccio","tag-cicle-inicial","tag-cicleinicial","tag-cinema","tag-claqueta","tag-primaria","tag-projecte","tag-segon"],"post_mailing_queue_ids":[],"_links":{"self":[{"href":"https:\/\/agora.xtec.cat\/ceip-ignasiiglesias-cornella\/wp-json\/wp\/v2\/posts\/2681","targetHints":{"allow":["GET"]}}],"collection":[{"href":"https:\/\/agora.xtec.cat\/ceip-ignasiiglesias-cornella\/wp-json\/wp\/v2\/posts"}],"about":[{"href":"https:\/\/agora.xtec.cat\/ceip-ignasiiglesias-cornella\/wp-json\/wp\/v2\/types\/post"}],"author":[{"embeddable":true,"href":"https:\/\/agora.xtec.cat\/ceip-ignasiiglesias-cornella\/wp-json\/wp\/v2\/users\/1"}],"replies":[{"embeddable":true,"href":"https:\/\/agora.xtec.cat\/ceip-ignasiiglesias-cornella\/wp-json\/wp\/v2\/comments?post=2681"}],"version-history":[{"count":3,"href":"https:\/\/agora.xtec.cat\/ceip-ignasiiglesias-cornella\/wp-json\/wp\/v2\/posts\/2681\/revisions"}],"predecessor-version":[{"id":2718,"href":"https:\/\/agora.xtec.cat\/ceip-ignasiiglesias-cornella\/wp-json\/wp\/v2\/posts\/2681\/revisions\/2718"}],"wp:featuredmedia":[{"embeddable":true,"href":"https:\/\/agora.xtec.cat\/ceip-ignasiiglesias-cornella\/wp-json\/wp\/v2\/media\/2679"}],"wp:attachment":[{"href":"https:\/\/agora.xtec.cat\/ceip-ignasiiglesias-cornella\/wp-json\/wp\/v2\/media?parent=2681"}],"wp:term":[{"taxonomy":"category","embeddable":true,"href":"https:\/\/agora.xtec.cat\/ceip-ignasiiglesias-cornella\/wp-json\/wp\/v2\/categories?post=2681"},{"taxonomy":"post_tag","embeddable":true,"href":"https:\/\/agora.xtec.cat\/ceip-ignasiiglesias-cornella\/wp-json\/wp\/v2\/tags?post=2681"}],"curies":[{"name":"wp","href":"https:\/\/api.w.org\/{rel}","templated":true}]}}