{"id":2651,"date":"2019-01-28T14:05:51","date_gmt":"2019-01-28T13:05:51","guid":{"rendered":"http:\/\/agora.xtec.cat\/ceip-ignasiiglesias-cornella\/?p=2651"},"modified":"2019-01-28T14:05:51","modified_gmt":"2019-01-28T13:05:51","slug":"6e-les-musiques-del-mon","status":"publish","type":"post","link":"https:\/\/agora.xtec.cat\/ceip-ignasiiglesias-cornella\/portada\/6e-les-musiques-del-mon\/","title":{"rendered":"6\u00e8. Les m\u00fasiques del m\u00f3n"},"content":{"rendered":"<p>Avui, 28 de gener, els nens i nenes de 6\u00e8 hem anat al <a href=\"https:\/\/ca.wikipedia.org\/wiki\/Palau_de_la_M%C3%BAsica_Catalana\">Palau de la M\u00fasica Catalana<\/a> a veure l&#8217;espectacle: les m\u00fasiques del m\u00f3n.\u00a0La veu, amb les seves immenses possibilitats sonores, ha estat \u00a0la protagonista d&#8217;aquest espectacle. Hem viatjat a trav\u00e9s dels cinc continents descobrint algunes de les seves m\u00fasiques tradicionals o populars.Violins, trompetes, guitarres, flautes, trombons, maraques, balalaiques, didjerid\u00fas&#8230; tots aquests instruments, i molts d&#8217;altres, interpretats <a href=\"https:\/\/ca.wikipedia.org\/wiki\/A_cappella\">&#8220;a capella&#8221;<\/a> per cinc espl\u00e8ndids cantants.<\/p>\n<p><iframe loading=\"lazy\" src=\"https:\/\/www.youtube.com\/embed\/Qh6Fi7vPgRc\" width=\"560\" height=\"315\" frameborder=\"0\" allowfullscreen=\"allowfullscreen\"><\/iframe><\/p>\n<p><iframe loading=\"lazy\" src=\"https:\/\/www.youtube.com\/embed\/SwsPBc3TByo\" width=\"560\" height=\"315\" frameborder=\"0\" allowfullscreen=\"allowfullscreen\"><\/iframe><\/p>\n","protected":false},"excerpt":{"rendered":"<p>Avui, 28 de gener, els nens i nenes de 6\u00e8 hem anat al <a href=\"https:\/\/ca.wikipedia.org\/wiki\/Palau_de_la_M%C3%BAsica_Catalana\">Palau de la M\u00fasica Catalana<\/a> a veure l&#8217;espectacle: les m\u00fasiques del m\u00f3n.\u00a0La veu, amb les seves immenses possibilitats sonores, ha estat \u00a0la protagonista d&#8217;aquest espectacle. Hem viatjat a trav\u00e9s dels cinc&hellip;  <a href=\"https:\/\/agora.xtec.cat\/ceip-ignasiiglesias-cornella\/portada\/6e-les-musiques-del-mon\/\" title=\"Read 6\u00e8. Les m\u00fasiques del m\u00f3n\">Llegeix m\u00e9s\u00bb<\/a><\/p>\n","protected":false},"author":4,"featured_media":2652,"comment_status":"closed","ping_status":"closed","sticky":false,"template":"","format":"standard","meta":{"_bbp_topic_count":0,"_bbp_reply_count":0,"_bbp_total_topic_count":0,"_bbp_total_reply_count":0,"_bbp_voice_count":0,"_bbp_anonymous_reply_count":0,"_bbp_topic_count_hidden":0,"_bbp_reply_count_hidden":0,"_bbp_forum_subforum_count":0,"footnotes":""},"categories":[14,72,4],"tags":[291,522,521],"class_list":["post-2651","post","type-post","status-publish","format-standard","has-post-thumbnail","hentry","category-cicle-superior","category-musica","category-portada","tag-6e","tag-musiques-del-mon","tag-palau-de-la-musica"],"post_mailing_queue_ids":[],"_links":{"self":[{"href":"https:\/\/agora.xtec.cat\/ceip-ignasiiglesias-cornella\/wp-json\/wp\/v2\/posts\/2651","targetHints":{"allow":["GET"]}}],"collection":[{"href":"https:\/\/agora.xtec.cat\/ceip-ignasiiglesias-cornella\/wp-json\/wp\/v2\/posts"}],"about":[{"href":"https:\/\/agora.xtec.cat\/ceip-ignasiiglesias-cornella\/wp-json\/wp\/v2\/types\/post"}],"author":[{"embeddable":true,"href":"https:\/\/agora.xtec.cat\/ceip-ignasiiglesias-cornella\/wp-json\/wp\/v2\/users\/4"}],"replies":[{"embeddable":true,"href":"https:\/\/agora.xtec.cat\/ceip-ignasiiglesias-cornella\/wp-json\/wp\/v2\/comments?post=2651"}],"version-history":[{"count":1,"href":"https:\/\/agora.xtec.cat\/ceip-ignasiiglesias-cornella\/wp-json\/wp\/v2\/posts\/2651\/revisions"}],"predecessor-version":[{"id":2653,"href":"https:\/\/agora.xtec.cat\/ceip-ignasiiglesias-cornella\/wp-json\/wp\/v2\/posts\/2651\/revisions\/2653"}],"wp:featuredmedia":[{"embeddable":true,"href":"https:\/\/agora.xtec.cat\/ceip-ignasiiglesias-cornella\/wp-json\/wp\/v2\/media\/2652"}],"wp:attachment":[{"href":"https:\/\/agora.xtec.cat\/ceip-ignasiiglesias-cornella\/wp-json\/wp\/v2\/media?parent=2651"}],"wp:term":[{"taxonomy":"category","embeddable":true,"href":"https:\/\/agora.xtec.cat\/ceip-ignasiiglesias-cornella\/wp-json\/wp\/v2\/categories?post=2651"},{"taxonomy":"post_tag","embeddable":true,"href":"https:\/\/agora.xtec.cat\/ceip-ignasiiglesias-cornella\/wp-json\/wp\/v2\/tags?post=2651"}],"curies":[{"name":"wp","href":"https:\/\/api.w.org\/{rel}","templated":true}]}}