{"id":2647,"date":"2019-01-28T13:39:38","date_gmt":"2019-01-28T12:39:38","guid":{"rendered":"http:\/\/agora.xtec.cat\/ceip-ignasiiglesias-cornella\/?p=2647"},"modified":"2019-01-28T13:40:03","modified_gmt":"2019-01-28T12:40:03","slug":"6e-filmoteca-de-catalunya","status":"publish","type":"post","link":"https:\/\/agora.xtec.cat\/ceip-ignasiiglesias-cornella\/portada\/6e-filmoteca-de-catalunya\/","title":{"rendered":"6\u00e8. Filmoteca de Catalunya"},"content":{"rendered":"<p>El passat divendres 11 de gener, els nens i nenes de 6\u00e8 vam anar a la Filmoteca de Catalunya a veure la pel\u00b7l\u00edcula &#8220;La vida d&#8217;en Carbass\u00f3&#8221;(en original franc\u00e8s <i>Ma vie de courgette<\/i>). \u00c9s una producci\u00f3 francosu\u00efssa dirigida per <a class=\"new\" title=\"Claude Barras (encara no existeix)\" href=\"https:\/\/ca.wikipedia.org\/w\/index.php?title=Claude_Barras&amp;action=edit&amp;redlink=1\">Claude Barras<\/a>. Els personatges s\u00f3n titelles i est\u00e0 filmada amb sistema <a class=\"mw-redirect\" title=\"Stop motion\" href=\"https:\/\/ca.wikipedia.org\/wiki\/Stop_motion\">stop motion<\/a>. Va ser estrenada a Su\u00efssa el 19 d&#8217;octubre de 2016.<\/p>\n<p>Des de la seva estrena ha estat nominada i guanyadora de molts premis cinematogr\u00e0fics: L&#8217; any 2016 va obtenir el premi del cine europeu a la millor pel\u00b7l\u00edcula d&#8217;animaci\u00f3. Al 2017, el premi C\u00e9sar\u00a0a la millora adaptaci\u00f3 i di\u00e0leg i a la\u00a0\u00a0millor pel\u00b7l\u00edcula animada Tamb\u00e9 va obtenir el\u00a0\u00a0premi satellite a la millor pel\u00b7l\u00edcula curt d&#8217;animaci\u00f3 i una nominaci\u00f3 a l&#8217; \u00f2scar a la millor pel\u00b7l\u00edcula d&#8217;animaci\u00f3.<\/p>\n<p><em><strong>Sinopsis de la pel\u00b7l\u00edcula:<\/strong><\/em><\/p>\n<p>En Carbass\u00f3 \u00e9s un nen de 9 anys que arriba a una llar d&#8217;acollida plena d&#8217;altres nens orfes, tan durs i tendres com ell. Tot i que al comen\u00e7ament li costa trobar el seu lloc en aquest nou espai, en Carbass\u00f3 descobrir\u00e0 un m\u00f3n diferent, aprendr\u00e0 a confiar i construir\u00e0 una aut\u00e8ntica fam\u00edlia amb els seus nous amics.<\/p>\n<p><em><strong>Qu\u00e8 treballem?<\/strong><\/em><\/p>\n<ul>\n<li>Expressar i compartir emocions<\/li>\n<li>Qu\u00e8 \u00e9s la fam\u00edlia? Tipus de fam\u00edlies<\/li>\n<li>El valor de l&#8217;amistat<\/li>\n<li>L&#8217;animaci\u00f3 artesana feta amb ninots<\/li>\n<\/ul>\n<p><iframe loading=\"lazy\" src=\"https:\/\/www.youtube.com\/embed\/EfvZoxG5YtY\" width=\"560\" height=\"315\" frameborder=\"0\" allowfullscreen=\"allowfullscreen\"><\/iframe><\/p>\n","protected":false},"excerpt":{"rendered":"<p>El passat divendres 11 de gener, els nens i nenes de 6\u00e8 vam anar a la Filmoteca de Catalunya a veure la pel\u00b7l\u00edcula &#8220;La vida d&#8217;en Carbass\u00f3&#8221;(en original franc\u00e8s Ma vie de courgette). \u00c9s una producci\u00f3 francosu\u00efssa dirigida per <a class=\"new\" title=\"Claude Barras (encara no&hellip;  <a href=\"https:\/\/agora.xtec.cat\/ceip-ignasiiglesias-cornella\/portada\/6e-filmoteca-de-catalunya\/\" title=\"Read 6\u00e8. Filmoteca de Catalunya\">Llegeix m\u00e9s\u00bb<\/a><\/p>\n","protected":false},"author":4,"featured_media":2648,"comment_status":"closed","ping_status":"closed","sticky":false,"template":"","format":"standard","meta":{"_bbp_topic_count":0,"_bbp_reply_count":0,"_bbp_total_topic_count":0,"_bbp_total_reply_count":0,"_bbp_voice_count":0,"_bbp_anonymous_reply_count":0,"_bbp_topic_count_hidden":0,"_bbp_reply_count_hidden":0,"_bbp_forum_subforum_count":0,"footnotes":""},"categories":[14,4],"tags":[291,520,518],"class_list":["post-2647","post","type-post","status-publish","format-standard","has-post-thumbnail","hentry","category-cicle-superior","category-portada","tag-6e","tag-carbasso","tag-filmoteca"],"post_mailing_queue_ids":[],"_links":{"self":[{"href":"https:\/\/agora.xtec.cat\/ceip-ignasiiglesias-cornella\/wp-json\/wp\/v2\/posts\/2647","targetHints":{"allow":["GET"]}}],"collection":[{"href":"https:\/\/agora.xtec.cat\/ceip-ignasiiglesias-cornella\/wp-json\/wp\/v2\/posts"}],"about":[{"href":"https:\/\/agora.xtec.cat\/ceip-ignasiiglesias-cornella\/wp-json\/wp\/v2\/types\/post"}],"author":[{"embeddable":true,"href":"https:\/\/agora.xtec.cat\/ceip-ignasiiglesias-cornella\/wp-json\/wp\/v2\/users\/4"}],"replies":[{"embeddable":true,"href":"https:\/\/agora.xtec.cat\/ceip-ignasiiglesias-cornella\/wp-json\/wp\/v2\/comments?post=2647"}],"version-history":[{"count":2,"href":"https:\/\/agora.xtec.cat\/ceip-ignasiiglesias-cornella\/wp-json\/wp\/v2\/posts\/2647\/revisions"}],"predecessor-version":[{"id":2650,"href":"https:\/\/agora.xtec.cat\/ceip-ignasiiglesias-cornella\/wp-json\/wp\/v2\/posts\/2647\/revisions\/2650"}],"wp:featuredmedia":[{"embeddable":true,"href":"https:\/\/agora.xtec.cat\/ceip-ignasiiglesias-cornella\/wp-json\/wp\/v2\/media\/2648"}],"wp:attachment":[{"href":"https:\/\/agora.xtec.cat\/ceip-ignasiiglesias-cornella\/wp-json\/wp\/v2\/media?parent=2647"}],"wp:term":[{"taxonomy":"category","embeddable":true,"href":"https:\/\/agora.xtec.cat\/ceip-ignasiiglesias-cornella\/wp-json\/wp\/v2\/categories?post=2647"},{"taxonomy":"post_tag","embeddable":true,"href":"https:\/\/agora.xtec.cat\/ceip-ignasiiglesias-cornella\/wp-json\/wp\/v2\/tags?post=2647"}],"curies":[{"name":"wp","href":"https:\/\/api.w.org\/{rel}","templated":true}]}}