{"id":2578,"date":"2019-01-14T16:24:41","date_gmt":"2019-01-14T15:24:41","guid":{"rendered":"http:\/\/agora.xtec.cat\/ceip-ignasiiglesias-cornella\/?p=2578"},"modified":"2019-01-21T16:16:41","modified_gmt":"2019-01-21T15:16:41","slug":"p3-joc-autonom","status":"publish","type":"post","link":"https:\/\/agora.xtec.cat\/ceip-ignasiiglesias-cornella\/infantil\/p3-joc-autonom\/","title":{"rendered":"P3. Joc aut\u00f2nom"},"content":{"rendered":"<p>Despr\u00e9s de les vacances de Nadal continuem amb la nostra din\u00e0mica de classe. Quan arribem pel mat\u00ed totes les nenes i nens es troben la classe preparada per poder jugar en els diferents espais que tenim: joc simb\u00f2lic, taula de llum, espai de biblioteca, construccions, minimons&#8230; Cadasc\u00fa al seu ritme va arribant i juga a all\u00f2 que m\u00e9s li agrada o interessa en aquell moment. S\u00f3n moments relaxats i on es crean din\u00e0miques molt enriquidores de manera lliure i espont\u00e0nia.<\/p>\n<p>Si voleu veure totes les fotos des del principi de curs d&#8217;aquests moments cliqueu a la imatge. No deixeu d&#8217;entrar a l&#8217;\u00e0lbum ja que anirem posant fotos.<\/p>\n<p><a href=\"https:\/\/photos.app.goo.gl\/5drStkaFdD9sz1nq7\"><img loading=\"lazy\" decoding=\"async\" class=\"alignnone size-medium wp-image-2579\" src=\"https:\/\/agora.xtec.cat\/ceip-ignasiiglesias-cornella\/wp-content\/uploads\/usu1592\/2019\/01\/IMG_6094-300x225.jpg\" alt=\"\" width=\"300\" height=\"225\" srcset=\"https:\/\/agora.xtec.cat\/ceip-ignasiiglesias-cornella\/wp-content\/uploads\/usu1592\/2019\/01\/IMG_6094-300x225.jpg 300w, https:\/\/agora.xtec.cat\/ceip-ignasiiglesias-cornella\/wp-content\/uploads\/usu1592\/2019\/01\/IMG_6094-768x576.jpg 768w, https:\/\/agora.xtec.cat\/ceip-ignasiiglesias-cornella\/wp-content\/uploads\/usu1592\/2019\/01\/IMG_6094-200x150.jpg 200w, https:\/\/agora.xtec.cat\/ceip-ignasiiglesias-cornella\/wp-content\/uploads\/usu1592\/2019\/01\/IMG_6094.jpg 876w\" sizes=\"auto, (max-width: 300px) 100vw, 300px\" \/><\/a><\/p>\n","protected":false},"excerpt":{"rendered":"<p>Despr\u00e9s de les vacances de Nadal continuem amb la nostra din\u00e0mica de classe. Quan arribem pel mat\u00ed totes les nenes i nens es troben la classe preparada per poder jugar en els diferents espais que tenim: joc simb\u00f2lic, taula de llum, espai de biblioteca, construccions,&hellip;  <a href=\"https:\/\/agora.xtec.cat\/ceip-ignasiiglesias-cornella\/infantil\/p3-joc-autonom\/\" title=\"Read P3. Joc aut\u00f2nom\">Llegeix m\u00e9s\u00bb<\/a><\/p>\n","protected":false},"author":1,"featured_media":2579,"comment_status":"open","ping_status":"closed","sticky":false,"template":"","format":"standard","meta":{"_bbp_topic_count":0,"_bbp_reply_count":0,"_bbp_total_topic_count":0,"_bbp_total_reply_count":0,"_bbp_voice_count":0,"_bbp_anonymous_reply_count":0,"_bbp_topic_count_hidden":0,"_bbp_reply_count_hidden":0,"_bbp_forum_subforum_count":0,"footnotes":""},"categories":[2,3],"tags":[505,85,295,506,92],"class_list":["post-2578","post","type-post","status-publish","format-standard","has-post-thumbnail","hentry","category-infantil","category-p3","tag-autonom","tag-infantil","tag-joc","tag-lliure","tag-p3"],"post_mailing_queue_ids":[],"_links":{"self":[{"href":"https:\/\/agora.xtec.cat\/ceip-ignasiiglesias-cornella\/wp-json\/wp\/v2\/posts\/2578","targetHints":{"allow":["GET"]}}],"collection":[{"href":"https:\/\/agora.xtec.cat\/ceip-ignasiiglesias-cornella\/wp-json\/wp\/v2\/posts"}],"about":[{"href":"https:\/\/agora.xtec.cat\/ceip-ignasiiglesias-cornella\/wp-json\/wp\/v2\/types\/post"}],"author":[{"embeddable":true,"href":"https:\/\/agora.xtec.cat\/ceip-ignasiiglesias-cornella\/wp-json\/wp\/v2\/users\/1"}],"replies":[{"embeddable":true,"href":"https:\/\/agora.xtec.cat\/ceip-ignasiiglesias-cornella\/wp-json\/wp\/v2\/comments?post=2578"}],"version-history":[{"count":1,"href":"https:\/\/agora.xtec.cat\/ceip-ignasiiglesias-cornella\/wp-json\/wp\/v2\/posts\/2578\/revisions"}],"predecessor-version":[{"id":2580,"href":"https:\/\/agora.xtec.cat\/ceip-ignasiiglesias-cornella\/wp-json\/wp\/v2\/posts\/2578\/revisions\/2580"}],"wp:featuredmedia":[{"embeddable":true,"href":"https:\/\/agora.xtec.cat\/ceip-ignasiiglesias-cornella\/wp-json\/wp\/v2\/media\/2579"}],"wp:attachment":[{"href":"https:\/\/agora.xtec.cat\/ceip-ignasiiglesias-cornella\/wp-json\/wp\/v2\/media?parent=2578"}],"wp:term":[{"taxonomy":"category","embeddable":true,"href":"https:\/\/agora.xtec.cat\/ceip-ignasiiglesias-cornella\/wp-json\/wp\/v2\/categories?post=2578"},{"taxonomy":"post_tag","embeddable":true,"href":"https:\/\/agora.xtec.cat\/ceip-ignasiiglesias-cornella\/wp-json\/wp\/v2\/tags?post=2578"}],"curies":[{"name":"wp","href":"https:\/\/api.w.org\/{rel}","templated":true}]}}