{"id":2557,"date":"2018-12-21T12:36:08","date_gmt":"2018-12-21T11:36:08","guid":{"rendered":"http:\/\/agora.xtec.cat\/ceip-ignasiiglesias-cornella\/?p=2557"},"modified":"2018-12-31T19:32:29","modified_gmt":"2018-12-31T18:32:29","slug":"un-nadal-de-pel%c2%b7licula","status":"publish","type":"post","link":"https:\/\/agora.xtec.cat\/ceip-ignasiiglesias-cornella\/infantil\/p3\/un-nadal-de-pel%c2%b7licula\/","title":{"rendered":"UN NADAL DE PEL\u00b7L\u00cdCULA!"},"content":{"rendered":"<p>Com cada desembre, la cita m\u00e9s esperada per les fam\u00edlies \u00e9s el concert de Nadal. Per\u00f2 dins l&#8217; escola, grans i petits ens hem esfor\u00e7at molt per tenir a punt les can\u00e7ons i els poemes. Com sempre l&#8217; empeny de qui \u00e9s altruista, ha millorat la posada en escena: els llums de l&#8217; escenari, la projecci\u00f3 d&#8217; imatges i el m\u00e9s important: un p\u00fablic rendit als infants.<\/p>\n<p>El factor sorpresa va ser una proposta de membres de l&#8217; Ampa, que des d&#8217; aqu\u00ed agra\u00efm. \u00a0Mai un emissari reial ens havia fet abans un regal tan valu\u00f3s: la seva veu i la seva pres\u00e8ncia. Ser\u00e0 un record entre llums brillants i ulls aspectants. I aix\u00ed hem tancat aquest cap\u00edtol nadalenc amb el desig de millorar l&#8217; any vinent i l&#8217;esperan\u00e7a de que l&#8217; emissari reial vulgui tornar-nos a visitar.<\/p>\n<p style=\"text-align: center;\"><strong>BONES FESTES!<\/strong><\/p>\n<p style=\"text-align: center;\"><em>cliqueu la imatge per veure els videos del concert<\/em><a href=\"https:\/\/photos.app.goo.gl\/B7wBseNxaYyAKipy6\" target=\"_blank\" rel=\"noopener\"><img loading=\"lazy\" decoding=\"async\" class=\"aligncenter wp-image-2560 size-medium\" src=\"https:\/\/agora.xtec.cat\/ceip-ignasiiglesias-cornella\/wp-content\/uploads\/usu1592\/2018\/12\/reis-300x212.jpg\" alt=\"\" width=\"300\" height=\"212\" srcset=\"https:\/\/agora.xtec.cat\/ceip-ignasiiglesias-cornella\/wp-content\/uploads\/usu1592\/2018\/12\/reis-300x212.jpg 300w, https:\/\/agora.xtec.cat\/ceip-ignasiiglesias-cornella\/wp-content\/uploads\/usu1592\/2018\/12\/reis-768x544.jpg 768w, https:\/\/agora.xtec.cat\/ceip-ignasiiglesias-cornella\/wp-content\/uploads\/usu1592\/2018\/12\/reis.jpg 970w\" sizes=\"auto, (max-width: 300px) 100vw, 300px\" \/><\/a><\/p>\n","protected":false},"excerpt":{"rendered":"<p>Com cada desembre, la cita m\u00e9s esperada per les fam\u00edlies \u00e9s el concert de Nadal. Per\u00f2 dins l&#8217; escola, grans i petits ens hem esfor\u00e7at molt per tenir a punt les can\u00e7ons i els poemes. Com sempre l&#8217; empeny de qui \u00e9s altruista, ha millorat&hellip;  <a href=\"https:\/\/agora.xtec.cat\/ceip-ignasiiglesias-cornella\/infantil\/p3\/un-nadal-de-pel%c2%b7licula\/\" title=\"Read UN NADAL DE PEL\u00b7L\u00cdCULA!\">Llegeix m\u00e9s\u00bb<\/a><\/p>\n","protected":false},"author":4,"featured_media":2560,"comment_status":"closed","ping_status":"closed","sticky":false,"template":"","format":"standard","meta":{"_bbp_topic_count":0,"_bbp_reply_count":0,"_bbp_total_topic_count":0,"_bbp_total_reply_count":0,"_bbp_voice_count":0,"_bbp_anonymous_reply_count":0,"_bbp_topic_count_hidden":0,"_bbp_reply_count_hidden":0,"_bbp_forum_subforum_count":0,"footnotes":""},"categories":[10,12,14,74,72,3,8,9,4],"tags":[197,132,203],"class_list":["post-2557","post","type-post","status-publish","format-standard","has-post-thumbnail","hentry","category-cicle-inicial","category-cicle-mitja","category-cicle-superior","category-festes","category-musica","category-p3","category-p4","category-p5","category-portada","tag-concert","tag-nadal","tag-nadales"],"post_mailing_queue_ids":[],"_links":{"self":[{"href":"https:\/\/agora.xtec.cat\/ceip-ignasiiglesias-cornella\/wp-json\/wp\/v2\/posts\/2557","targetHints":{"allow":["GET"]}}],"collection":[{"href":"https:\/\/agora.xtec.cat\/ceip-ignasiiglesias-cornella\/wp-json\/wp\/v2\/posts"}],"about":[{"href":"https:\/\/agora.xtec.cat\/ceip-ignasiiglesias-cornella\/wp-json\/wp\/v2\/types\/post"}],"author":[{"embeddable":true,"href":"https:\/\/agora.xtec.cat\/ceip-ignasiiglesias-cornella\/wp-json\/wp\/v2\/users\/4"}],"replies":[{"embeddable":true,"href":"https:\/\/agora.xtec.cat\/ceip-ignasiiglesias-cornella\/wp-json\/wp\/v2\/comments?post=2557"}],"version-history":[{"count":3,"href":"https:\/\/agora.xtec.cat\/ceip-ignasiiglesias-cornella\/wp-json\/wp\/v2\/posts\/2557\/revisions"}],"predecessor-version":[{"id":2570,"href":"https:\/\/agora.xtec.cat\/ceip-ignasiiglesias-cornella\/wp-json\/wp\/v2\/posts\/2557\/revisions\/2570"}],"wp:featuredmedia":[{"embeddable":true,"href":"https:\/\/agora.xtec.cat\/ceip-ignasiiglesias-cornella\/wp-json\/wp\/v2\/media\/2560"}],"wp:attachment":[{"href":"https:\/\/agora.xtec.cat\/ceip-ignasiiglesias-cornella\/wp-json\/wp\/v2\/media?parent=2557"}],"wp:term":[{"taxonomy":"category","embeddable":true,"href":"https:\/\/agora.xtec.cat\/ceip-ignasiiglesias-cornella\/wp-json\/wp\/v2\/categories?post=2557"},{"taxonomy":"post_tag","embeddable":true,"href":"https:\/\/agora.xtec.cat\/ceip-ignasiiglesias-cornella\/wp-json\/wp\/v2\/tags?post=2557"}],"curies":[{"name":"wp","href":"https:\/\/api.w.org\/{rel}","templated":true}]}}