{"id":2541,"date":"2018-12-20T19:16:15","date_gmt":"2018-12-20T18:16:15","guid":{"rendered":"http:\/\/agora.xtec.cat\/ceip-ignasiiglesias-cornella\/?p=2541"},"modified":"2018-12-20T19:16:15","modified_gmt":"2018-12-20T18:16:15","slug":"gracies-a-tothom","status":"publish","type":"post","link":"https:\/\/agora.xtec.cat\/ceip-ignasiiglesias-cornella\/portada\/gracies-a-tothom\/","title":{"rendered":"GR\u00c0CIES A TOTHOM!"},"content":{"rendered":"<p>Gr\u00e0cies a tots!!<\/p>\n<p>Diploma de la nostra participaci\u00f3 a la IV Edici\u00f3 de La Vuelta al Cole.<\/p>\n<p>Juntament amb quasi 1.000 centres educatius, he ajudat a recaudar m\u00e9s de 400.000 \u20ac que anir\u00e1n destinats \u00edntegrament a la investigaci\u00f3 de la leucemia infantil.<\/p>\n<p style=\"text-align: justify;\"><img loading=\"lazy\" decoding=\"async\" class=\"alignnone wp-image-2543 size-full\" src=\"https:\/\/agora.xtec.cat\/ceip-ignasiiglesias-cornella\/wp-content\/uploads\/usu1592\/2018\/12\/706367E7-4F5C-4A9B-BFF6-F426CA7A3AE9.jpeg\" alt=\"\" width=\"1070\" height=\"756\" srcset=\"https:\/\/agora.xtec.cat\/ceip-ignasiiglesias-cornella\/wp-content\/uploads\/usu1592\/2018\/12\/706367E7-4F5C-4A9B-BFF6-F426CA7A3AE9.jpeg 1070w, https:\/\/agora.xtec.cat\/ceip-ignasiiglesias-cornella\/wp-content\/uploads\/usu1592\/2018\/12\/706367E7-4F5C-4A9B-BFF6-F426CA7A3AE9-300x212.jpeg 300w, https:\/\/agora.xtec.cat\/ceip-ignasiiglesias-cornella\/wp-content\/uploads\/usu1592\/2018\/12\/706367E7-4F5C-4A9B-BFF6-F426CA7A3AE9-768x543.jpeg 768w, https:\/\/agora.xtec.cat\/ceip-ignasiiglesias-cornella\/wp-content\/uploads\/usu1592\/2018\/12\/706367E7-4F5C-4A9B-BFF6-F426CA7A3AE9-1024x723.jpeg 1024w\" sizes=\"auto, (max-width: 1070px) 100vw, 1070px\" \/><\/p>\n","protected":false},"excerpt":{"rendered":"<p>Gr\u00e0cies a tots!!<br \/>\nDiploma de la nostra participaci\u00f3 a la IV Edici\u00f3 de La Vuelta al Cole.<br \/>\nJuntament amb quasi 1.000 centres educatius, he ajudat a recaudar m\u00e9s de 400.000 \u20ac que anir\u00e1n destinats \u00edntegrament a la investigaci\u00f3 de la leucemia infantil.<\/p>\n","protected":false},"author":1,"featured_media":2543,"comment_status":"open","ping_status":"closed","sticky":false,"template":"","format":"standard","meta":{"_bbp_topic_count":0,"_bbp_reply_count":0,"_bbp_total_topic_count":0,"_bbp_total_reply_count":0,"_bbp_voice_count":0,"_bbp_anonymous_reply_count":0,"_bbp_topic_count_hidden":0,"_bbp_reply_count_hidden":0,"_bbp_forum_subforum_count":0,"footnotes":""},"categories":[4],"tags":[444,441,504,442,443],"class_list":["post-2541","post","type-post","status-publish","format-standard","has-post-thumbnail","hentry","category-portada","tag-cole","tag-cursa","tag-gracies","tag-leucemia","tag-vuelta"],"post_mailing_queue_ids":[],"_links":{"self":[{"href":"https:\/\/agora.xtec.cat\/ceip-ignasiiglesias-cornella\/wp-json\/wp\/v2\/posts\/2541","targetHints":{"allow":["GET"]}}],"collection":[{"href":"https:\/\/agora.xtec.cat\/ceip-ignasiiglesias-cornella\/wp-json\/wp\/v2\/posts"}],"about":[{"href":"https:\/\/agora.xtec.cat\/ceip-ignasiiglesias-cornella\/wp-json\/wp\/v2\/types\/post"}],"author":[{"embeddable":true,"href":"https:\/\/agora.xtec.cat\/ceip-ignasiiglesias-cornella\/wp-json\/wp\/v2\/users\/1"}],"replies":[{"embeddable":true,"href":"https:\/\/agora.xtec.cat\/ceip-ignasiiglesias-cornella\/wp-json\/wp\/v2\/comments?post=2541"}],"version-history":[{"count":3,"href":"https:\/\/agora.xtec.cat\/ceip-ignasiiglesias-cornella\/wp-json\/wp\/v2\/posts\/2541\/revisions"}],"predecessor-version":[{"id":2545,"href":"https:\/\/agora.xtec.cat\/ceip-ignasiiglesias-cornella\/wp-json\/wp\/v2\/posts\/2541\/revisions\/2545"}],"wp:featuredmedia":[{"embeddable":true,"href":"https:\/\/agora.xtec.cat\/ceip-ignasiiglesias-cornella\/wp-json\/wp\/v2\/media\/2543"}],"wp:attachment":[{"href":"https:\/\/agora.xtec.cat\/ceip-ignasiiglesias-cornella\/wp-json\/wp\/v2\/media?parent=2541"}],"wp:term":[{"taxonomy":"category","embeddable":true,"href":"https:\/\/agora.xtec.cat\/ceip-ignasiiglesias-cornella\/wp-json\/wp\/v2\/categories?post=2541"},{"taxonomy":"post_tag","embeddable":true,"href":"https:\/\/agora.xtec.cat\/ceip-ignasiiglesias-cornella\/wp-json\/wp\/v2\/tags?post=2541"}],"curies":[{"name":"wp","href":"https:\/\/api.w.org\/{rel}","templated":true}]}}