{"id":2514,"date":"2018-12-20T10:39:36","date_gmt":"2018-12-20T09:39:36","guid":{"rendered":"http:\/\/agora.xtec.cat\/ceip-ignasiiglesias-cornella\/?p=2514"},"modified":"2018-12-20T10:40:04","modified_gmt":"2018-12-20T09:40:04","slug":"arriba-el-tio-a-cicle-inicial","status":"publish","type":"post","link":"https:\/\/agora.xtec.cat\/ceip-ignasiiglesias-cornella\/portada\/arriba-el-tio-a-cicle-inicial\/","title":{"rendered":"Arriba el Ti\u00f3 a cicle inicial!"},"content":{"rendered":"<p>Era un mat\u00ed qualsevol, quan de cop i volta una carta ens sorpr\u00e8n per sota de la porta de 2n&#8230;<\/p>\n<p>Vam agafar-la i la vam llegir, alg\u00fa necessitava ajuda, estava passant fred i tenia molta gana, per\u00f2 no tenia forces per arribar a les nostres aules. Aix\u00ed que ens vam reunir les quatre aules de cicle inicial i vam anar al rescat.<\/p>\n<p>A sobre de la jardinera del pati, a qui ens vam trobar? Al Ti\u00f3!<\/p>\n<p><a href=\"https:\/\/photos.app.goo.gl\/2KCMrHgJsrdE2KNZ9\"><img loading=\"lazy\" decoding=\"async\" class=\" wp-image-2515 aligncenter\" src=\"https:\/\/agora.xtec.cat\/ceip-ignasiiglesias-cornella\/wp-content\/uploads\/usu1592\/2018\/12\/Ti\u00f3.jpg\" alt=\"\" width=\"199\" height=\"149\" srcset=\"https:\/\/agora.xtec.cat\/ceip-ignasiiglesias-cornella\/wp-content\/uploads\/usu1592\/2018\/12\/Ti\u00f3.jpg 600w, https:\/\/agora.xtec.cat\/ceip-ignasiiglesias-cornella\/wp-content\/uploads\/usu1592\/2018\/12\/Ti\u00f3-300x225.jpg 300w, https:\/\/agora.xtec.cat\/ceip-ignasiiglesias-cornella\/wp-content\/uploads\/usu1592\/2018\/12\/Ti\u00f3-200x150.jpg 200w\" sizes=\"auto, (max-width: 199px) 100vw, 199px\" \/><\/a>(Cliqueu al Ti\u00f3\u00a0 per veure les fotos i v\u00eddeos)<\/p>\n<p>&nbsp;<\/p>\n","protected":false},"excerpt":{"rendered":"<p>Era un mat\u00ed qualsevol, quan de cop i volta una carta ens sorpr\u00e8n per sota de la porta de 2n&#8230;<br \/>\nVam agafar-la i la vam llegir, alg\u00fa necessitava ajuda, estava passant fred i tenia molta gana, per\u00f2 no tenia forces per arribar a les nostres aules.&hellip;  <a href=\"https:\/\/agora.xtec.cat\/ceip-ignasiiglesias-cornella\/portada\/arriba-el-tio-a-cicle-inicial\/\" title=\"Read Arriba el Ti\u00f3 a cicle inicial!\">Llegeix m\u00e9s\u00bb<\/a><\/p>\n","protected":false},"author":1,"featured_media":2515,"comment_status":"open","ping_status":"closed","sticky":false,"template":"","format":"standard","meta":{"_bbp_topic_count":0,"_bbp_reply_count":0,"_bbp_total_topic_count":0,"_bbp_total_reply_count":0,"_bbp_voice_count":0,"_bbp_anonymous_reply_count":0,"_bbp_topic_count_hidden":0,"_bbp_reply_count_hidden":0,"_bbp_forum_subforum_count":0,"footnotes":""},"categories":[10,4,5],"tags":[310,495,188],"class_list":["post-2514","post","type-post","status-publish","format-standard","has-post-thumbnail","hentry","category-cicle-inicial","category-portada","category-primaria","tag-cicleinicial","tag-nadal2018","tag-tio"],"post_mailing_queue_ids":[],"_links":{"self":[{"href":"https:\/\/agora.xtec.cat\/ceip-ignasiiglesias-cornella\/wp-json\/wp\/v2\/posts\/2514","targetHints":{"allow":["GET"]}}],"collection":[{"href":"https:\/\/agora.xtec.cat\/ceip-ignasiiglesias-cornella\/wp-json\/wp\/v2\/posts"}],"about":[{"href":"https:\/\/agora.xtec.cat\/ceip-ignasiiglesias-cornella\/wp-json\/wp\/v2\/types\/post"}],"author":[{"embeddable":true,"href":"https:\/\/agora.xtec.cat\/ceip-ignasiiglesias-cornella\/wp-json\/wp\/v2\/users\/1"}],"replies":[{"embeddable":true,"href":"https:\/\/agora.xtec.cat\/ceip-ignasiiglesias-cornella\/wp-json\/wp\/v2\/comments?post=2514"}],"version-history":[{"count":2,"href":"https:\/\/agora.xtec.cat\/ceip-ignasiiglesias-cornella\/wp-json\/wp\/v2\/posts\/2514\/revisions"}],"predecessor-version":[{"id":2519,"href":"https:\/\/agora.xtec.cat\/ceip-ignasiiglesias-cornella\/wp-json\/wp\/v2\/posts\/2514\/revisions\/2519"}],"wp:featuredmedia":[{"embeddable":true,"href":"https:\/\/agora.xtec.cat\/ceip-ignasiiglesias-cornella\/wp-json\/wp\/v2\/media\/2515"}],"wp:attachment":[{"href":"https:\/\/agora.xtec.cat\/ceip-ignasiiglesias-cornella\/wp-json\/wp\/v2\/media?parent=2514"}],"wp:term":[{"taxonomy":"category","embeddable":true,"href":"https:\/\/agora.xtec.cat\/ceip-ignasiiglesias-cornella\/wp-json\/wp\/v2\/categories?post=2514"},{"taxonomy":"post_tag","embeddable":true,"href":"https:\/\/agora.xtec.cat\/ceip-ignasiiglesias-cornella\/wp-json\/wp\/v2\/tags?post=2514"}],"curies":[{"name":"wp","href":"https:\/\/api.w.org\/{rel}","templated":true}]}}