{"id":2506,"date":"2018-12-15T18:21:36","date_gmt":"2018-12-15T17:21:36","guid":{"rendered":"http:\/\/agora.xtec.cat\/ceip-ignasiiglesias-cornella\/?p=2506"},"modified":"2018-12-15T18:21:36","modified_gmt":"2018-12-15T17:21:36","slug":"la-marato-de-tv3","status":"publish","type":"post","link":"https:\/\/agora.xtec.cat\/ceip-ignasiiglesias-cornella\/portada\/la-marato-de-tv3\/","title":{"rendered":"LA MARAT\u00d3 DE TV3"},"content":{"rendered":"<p>Des de l\u2019AMPA tenim la il.lusi\u00f3 d\u2019engegar m\u00e9s accions solid\u00e0ries i per aquest nadal hem\u00a0decidit col\u00b7laborar amb La Marat\u00f3 de TV3, que enguany est\u00e0 dedicada a la investigaci\u00f3 del\u00a0C\u00e0ncer.<\/p>\n<p>Entreu i llegiu tota la informaci\u00f3.<\/p>\n<p><img loading=\"lazy\" decoding=\"async\" class=\"alignnone size-full wp-image-2509\" src=\"https:\/\/agora.xtec.cat\/ceip-ignasiiglesias-cornella\/wp-content\/uploads\/usu1592\/2018\/12\/Captura-de-pantalla-2018-12-15-a-las-18.18.42.png\" alt=\"\" width=\"550\" height=\"765\" srcset=\"https:\/\/agora.xtec.cat\/ceip-ignasiiglesias-cornella\/wp-content\/uploads\/usu1592\/2018\/12\/Captura-de-pantalla-2018-12-15-a-las-18.18.42.png 550w, https:\/\/agora.xtec.cat\/ceip-ignasiiglesias-cornella\/wp-content\/uploads\/usu1592\/2018\/12\/Captura-de-pantalla-2018-12-15-a-las-18.18.42-216x300.png 216w\" sizes=\"auto, (max-width: 550px) 100vw, 550px\" \/><\/p>\n<p><img loading=\"lazy\" decoding=\"async\" class=\"alignnone size-full wp-image-2510\" src=\"https:\/\/agora.xtec.cat\/ceip-ignasiiglesias-cornella\/wp-content\/uploads\/usu1592\/2018\/12\/Captura-de-pantalla-2018-12-15-a-las-18.19.10.png\" alt=\"\" width=\"549\" height=\"777\" srcset=\"https:\/\/agora.xtec.cat\/ceip-ignasiiglesias-cornella\/wp-content\/uploads\/usu1592\/2018\/12\/Captura-de-pantalla-2018-12-15-a-las-18.19.10.png 549w, https:\/\/agora.xtec.cat\/ceip-ignasiiglesias-cornella\/wp-content\/uploads\/usu1592\/2018\/12\/Captura-de-pantalla-2018-12-15-a-las-18.19.10-212x300.png 212w\" sizes=\"auto, (max-width: 549px) 100vw, 549px\" \/><\/p>\n","protected":false},"excerpt":{"rendered":"<p>Des de l\u2019AMPA tenim la il.lusi\u00f3 d\u2019engegar m\u00e9s accions solid\u00e0ries i per aquest nadal hem\u00a0decidit col\u00b7laborar amb La Marat\u00f3 de TV3, que enguany est\u00e0 dedicada a la investigaci\u00f3 del\u00a0C\u00e0ncer.<br \/>\nEntreu i llegiu tota la informaci\u00f3.<\/p>\n","protected":false},"author":1,"featured_media":2511,"comment_status":"open","ping_status":"closed","sticky":false,"template":"","format":"standard","meta":{"_bbp_topic_count":0,"_bbp_reply_count":0,"_bbp_total_topic_count":0,"_bbp_total_reply_count":0,"_bbp_voice_count":0,"_bbp_anonymous_reply_count":0,"_bbp_topic_count_hidden":0,"_bbp_reply_count_hidden":0,"_bbp_forum_subforum_count":0,"footnotes":""},"categories":[4],"tags":[234,169,502,127,500,132,501,452],"class_list":["post-2506","post","type-post","status-publish","format-standard","has-post-thumbnail","hentry","category-portada","tag-234","tag-ampa","tag-cancer","tag-escola","tag-marato","tag-nadal","tag-solidaritat","tag-tv3"],"post_mailing_queue_ids":[],"_links":{"self":[{"href":"https:\/\/agora.xtec.cat\/ceip-ignasiiglesias-cornella\/wp-json\/wp\/v2\/posts\/2506","targetHints":{"allow":["GET"]}}],"collection":[{"href":"https:\/\/agora.xtec.cat\/ceip-ignasiiglesias-cornella\/wp-json\/wp\/v2\/posts"}],"about":[{"href":"https:\/\/agora.xtec.cat\/ceip-ignasiiglesias-cornella\/wp-json\/wp\/v2\/types\/post"}],"author":[{"embeddable":true,"href":"https:\/\/agora.xtec.cat\/ceip-ignasiiglesias-cornella\/wp-json\/wp\/v2\/users\/1"}],"replies":[{"embeddable":true,"href":"https:\/\/agora.xtec.cat\/ceip-ignasiiglesias-cornella\/wp-json\/wp\/v2\/comments?post=2506"}],"version-history":[{"count":2,"href":"https:\/\/agora.xtec.cat\/ceip-ignasiiglesias-cornella\/wp-json\/wp\/v2\/posts\/2506\/revisions"}],"predecessor-version":[{"id":2512,"href":"https:\/\/agora.xtec.cat\/ceip-ignasiiglesias-cornella\/wp-json\/wp\/v2\/posts\/2506\/revisions\/2512"}],"wp:featuredmedia":[{"embeddable":true,"href":"https:\/\/agora.xtec.cat\/ceip-ignasiiglesias-cornella\/wp-json\/wp\/v2\/media\/2511"}],"wp:attachment":[{"href":"https:\/\/agora.xtec.cat\/ceip-ignasiiglesias-cornella\/wp-json\/wp\/v2\/media?parent=2506"}],"wp:term":[{"taxonomy":"category","embeddable":true,"href":"https:\/\/agora.xtec.cat\/ceip-ignasiiglesias-cornella\/wp-json\/wp\/v2\/categories?post=2506"},{"taxonomy":"post_tag","embeddable":true,"href":"https:\/\/agora.xtec.cat\/ceip-ignasiiglesias-cornella\/wp-json\/wp\/v2\/tags?post=2506"}],"curies":[{"name":"wp","href":"https:\/\/api.w.org\/{rel}","templated":true}]}}