{"id":2501,"date":"2018-12-15T17:55:34","date_gmt":"2018-12-15T16:55:34","guid":{"rendered":"http:\/\/agora.xtec.cat\/ceip-ignasiiglesias-cornella\/?p=2501"},"modified":"2018-12-15T17:55:34","modified_gmt":"2018-12-15T16:55:34","slug":"larbre-de-nadal-a-lescola","status":"publish","type":"post","link":"https:\/\/agora.xtec.cat\/ceip-ignasiiglesias-cornella\/portada\/larbre-de-nadal-a-lescola\/","title":{"rendered":"L\u2019Arbre de Nadal a l\u2019escola"},"content":{"rendered":"<p>Aquest any tenim un arbre de Nadal molt especial i est\u00e0 quedant aix\u00ed de maco gr\u00e0cies a la col\u00b7laboraci\u00f3 de els fam\u00edlies que heu fet aquests penjolls tan originals.<\/p>\n<p>Moltes gr\u00e0cies a tothom!<\/p>\n<p>&nbsp;<\/p>\n<p><img loading=\"lazy\" decoding=\"async\" class=\"alignnone wp-image-2503 size-full\" src=\"https:\/\/agora.xtec.cat\/ceip-ignasiiglesias-cornella\/wp-content\/uploads\/usu1592\/2018\/12\/IMG_5965.jpg\" alt=\"\" width=\"563\" height=\"751\" srcset=\"https:\/\/agora.xtec.cat\/ceip-ignasiiglesias-cornella\/wp-content\/uploads\/usu1592\/2018\/12\/IMG_5965.jpg 563w, https:\/\/agora.xtec.cat\/ceip-ignasiiglesias-cornella\/wp-content\/uploads\/usu1592\/2018\/12\/IMG_5965-225x300.jpg 225w\" sizes=\"auto, (max-width: 563px) 100vw, 563px\" \/><\/p>\n","protected":false},"excerpt":{"rendered":"<p>Aquest any tenim un arbre de Nadal molt especial i est\u00e0 quedant aix\u00ed de maco gr\u00e0cies a la col\u00b7laboraci\u00f3 de els fam\u00edlies que heu fet aquests penjolls tan originals.<br \/>\nMoltes gr\u00e0cies a tothom!<br \/>\n&nbsp;<\/p>\n","protected":false},"author":1,"featured_media":2504,"comment_status":"open","ping_status":"closed","sticky":false,"template":"","format":"standard","meta":{"_bbp_topic_count":0,"_bbp_reply_count":0,"_bbp_total_topic_count":0,"_bbp_total_reply_count":0,"_bbp_voice_count":0,"_bbp_anonymous_reply_count":0,"_bbp_topic_count_hidden":0,"_bbp_reply_count_hidden":0,"_bbp_forum_subforum_count":0,"footnotes":""},"categories":[4],"tags":[234,170,127,132],"class_list":["post-2501","post","type-post","status-publish","format-standard","has-post-thumbnail","hentry","category-portada","tag-234","tag-arbre","tag-escola","tag-nadal"],"post_mailing_queue_ids":[],"_links":{"self":[{"href":"https:\/\/agora.xtec.cat\/ceip-ignasiiglesias-cornella\/wp-json\/wp\/v2\/posts\/2501","targetHints":{"allow":["GET"]}}],"collection":[{"href":"https:\/\/agora.xtec.cat\/ceip-ignasiiglesias-cornella\/wp-json\/wp\/v2\/posts"}],"about":[{"href":"https:\/\/agora.xtec.cat\/ceip-ignasiiglesias-cornella\/wp-json\/wp\/v2\/types\/post"}],"author":[{"embeddable":true,"href":"https:\/\/agora.xtec.cat\/ceip-ignasiiglesias-cornella\/wp-json\/wp\/v2\/users\/1"}],"replies":[{"embeddable":true,"href":"https:\/\/agora.xtec.cat\/ceip-ignasiiglesias-cornella\/wp-json\/wp\/v2\/comments?post=2501"}],"version-history":[{"count":1,"href":"https:\/\/agora.xtec.cat\/ceip-ignasiiglesias-cornella\/wp-json\/wp\/v2\/posts\/2501\/revisions"}],"predecessor-version":[{"id":2505,"href":"https:\/\/agora.xtec.cat\/ceip-ignasiiglesias-cornella\/wp-json\/wp\/v2\/posts\/2501\/revisions\/2505"}],"wp:featuredmedia":[{"embeddable":true,"href":"https:\/\/agora.xtec.cat\/ceip-ignasiiglesias-cornella\/wp-json\/wp\/v2\/media\/2504"}],"wp:attachment":[{"href":"https:\/\/agora.xtec.cat\/ceip-ignasiiglesias-cornella\/wp-json\/wp\/v2\/media?parent=2501"}],"wp:term":[{"taxonomy":"category","embeddable":true,"href":"https:\/\/agora.xtec.cat\/ceip-ignasiiglesias-cornella\/wp-json\/wp\/v2\/categories?post=2501"},{"taxonomy":"post_tag","embeddable":true,"href":"https:\/\/agora.xtec.cat\/ceip-ignasiiglesias-cornella\/wp-json\/wp\/v2\/tags?post=2501"}],"curies":[{"name":"wp","href":"https:\/\/api.w.org\/{rel}","templated":true}]}}