{"id":2497,"date":"2018-12-10T15:30:09","date_gmt":"2018-12-10T14:30:09","guid":{"rendered":"http:\/\/agora.xtec.cat\/ceip-ignasiiglesias-cornella\/?p=2497"},"modified":"2019-01-15T15:36:49","modified_gmt":"2019-01-15T14:36:49","slug":"infantil-la-fada-ondina-2","status":"publish","type":"post","link":"https:\/\/agora.xtec.cat\/ceip-ignasiiglesias-cornella\/infantil\/infantil-la-fada-ondina-2\/","title":{"rendered":"INFANTIL. La fada ONDINA"},"content":{"rendered":"<p>Els nens i nenes d&#8217;educaci\u00f3 infantil, avuI hem rebut la m\u00e0gica visita de la fada Ondina, l&#8217;ajudant del Mag Maginet que ens ha explicat totes les activitats que podem fer per Nadal a Cornell\u00e0.<\/p>\n<p>Hem cantat la can\u00e7\u00f3 &#8220;Desperta Maginet&#8221;. Aqu\u00ed la teniu per si voleu escoltar-la a casa. Si voleu veure les fotos de la visita cliqueu <a href=\"https:\/\/photos.app.goo.gl\/wyDzEHiUcghmyU5x7\">AQU\u00cd<\/a>.<\/p>\n<p><iframe loading=\"lazy\" title=\"Desperta Maginet\" width=\"500\" height=\"281\" src=\"https:\/\/www.youtube.com\/embed\/HytOKFC1AR8?feature=oembed\" frameborder=\"0\" allow=\"accelerometer; autoplay; clipboard-write; encrypted-media; gyroscope; picture-in-picture; web-share\" referrerpolicy=\"strict-origin-when-cross-origin\" allowfullscreen><\/iframe><\/p>\n","protected":false},"excerpt":{"rendered":"<p>Els nens i nenes d&#8217;educaci\u00f3 infantil, avuI hem rebut la m\u00e0gica visita de la fada Ondina, l&#8217;ajudant del Mag Maginet que ens ha explicat totes les activitats que podem fer per Nadal a Cornell\u00e0.<br \/>\nHem cantat la can\u00e7\u00f3 &#8220;Desperta Maginet&#8221;. Aqu\u00ed la teniu per si voleu&hellip;  <a href=\"https:\/\/agora.xtec.cat\/ceip-ignasiiglesias-cornella\/infantil\/infantil-la-fada-ondina-2\/\" title=\"Read INFANTIL. La fada ONDINA\">Llegeix m\u00e9s\u00bb<\/a><\/p>\n","protected":false},"author":1,"featured_media":2498,"comment_status":"open","ping_status":"closed","sticky":false,"template":"","format":"standard","meta":{"_bbp_topic_count":0,"_bbp_reply_count":0,"_bbp_total_topic_count":0,"_bbp_total_reply_count":0,"_bbp_voice_count":0,"_bbp_anonymous_reply_count":0,"_bbp_topic_count_hidden":0,"_bbp_reply_count_hidden":0,"_bbp_forum_subforum_count":0,"footnotes":""},"categories":[2,3,8,9],"tags":[234,497,85,499,191,132,498,92,93,86],"class_list":["post-2497","post","type-post","status-publish","format-standard","has-post-thumbnail","hentry","category-infantil","category-p3","category-p4","category-p5","tag-234","tag-fada","tag-infantil","tag-mag","tag-maginet","tag-nadal","tag-ondina","tag-p3","tag-p4","tag-p5"],"post_mailing_queue_ids":[],"_links":{"self":[{"href":"https:\/\/agora.xtec.cat\/ceip-ignasiiglesias-cornella\/wp-json\/wp\/v2\/posts\/2497","targetHints":{"allow":["GET"]}}],"collection":[{"href":"https:\/\/agora.xtec.cat\/ceip-ignasiiglesias-cornella\/wp-json\/wp\/v2\/posts"}],"about":[{"href":"https:\/\/agora.xtec.cat\/ceip-ignasiiglesias-cornella\/wp-json\/wp\/v2\/types\/post"}],"author":[{"embeddable":true,"href":"https:\/\/agora.xtec.cat\/ceip-ignasiiglesias-cornella\/wp-json\/wp\/v2\/users\/1"}],"replies":[{"embeddable":true,"href":"https:\/\/agora.xtec.cat\/ceip-ignasiiglesias-cornella\/wp-json\/wp\/v2\/comments?post=2497"}],"version-history":[{"count":2,"href":"https:\/\/agora.xtec.cat\/ceip-ignasiiglesias-cornella\/wp-json\/wp\/v2\/posts\/2497\/revisions"}],"predecessor-version":[{"id":2581,"href":"https:\/\/agora.xtec.cat\/ceip-ignasiiglesias-cornella\/wp-json\/wp\/v2\/posts\/2497\/revisions\/2581"}],"wp:featuredmedia":[{"embeddable":true,"href":"https:\/\/agora.xtec.cat\/ceip-ignasiiglesias-cornella\/wp-json\/wp\/v2\/media\/2498"}],"wp:attachment":[{"href":"https:\/\/agora.xtec.cat\/ceip-ignasiiglesias-cornella\/wp-json\/wp\/v2\/media?parent=2497"}],"wp:term":[{"taxonomy":"category","embeddable":true,"href":"https:\/\/agora.xtec.cat\/ceip-ignasiiglesias-cornella\/wp-json\/wp\/v2\/categories?post=2497"},{"taxonomy":"post_tag","embeddable":true,"href":"https:\/\/agora.xtec.cat\/ceip-ignasiiglesias-cornella\/wp-json\/wp\/v2\/tags?post=2497"}],"curies":[{"name":"wp","href":"https:\/\/api.w.org\/{rel}","templated":true}]}}