{"id":2461,"date":"2018-11-23T15:10:36","date_gmt":"2018-11-23T14:10:36","guid":{"rendered":"http:\/\/agora.xtec.cat\/ceip-ignasiiglesias-cornella\/?p=2461"},"modified":"2018-11-23T15:10:36","modified_gmt":"2018-11-23T14:10:36","slug":"1r-ghostbusters","status":"publish","type":"post","link":"https:\/\/agora.xtec.cat\/ceip-ignasiiglesias-cornella\/primaria\/1r-ghostbusters\/","title":{"rendered":"1r &#8220;Ghostbusters&#8221;"},"content":{"rendered":"<p>El festival de Nadal est\u00e0 a prop i els nens i nenes de primer ja estem preparant la can\u00e7\u00f3 en angl\u00e8s. Enguany el festival est\u00e0 relacionat amb el cinema i a primer ens hem posat en la pell dels &#8220;Ghostbusters&#8221;!. Escolteu-la i gaudiu-la amb ells i elles.<\/p>\n<p><iframe loading=\"lazy\" title=\"Original GhostBusters Theme Song\" width=\"500\" height=\"375\" src=\"https:\/\/www.youtube.com\/embed\/m9We2XsVZfc?feature=oembed\" frameborder=\"0\" allow=\"accelerometer; autoplay; clipboard-write; encrypted-media; gyroscope; picture-in-picture; web-share\" referrerpolicy=\"strict-origin-when-cross-origin\" allowfullscreen><\/iframe><\/p>\n","protected":false},"excerpt":{"rendered":"<p>El festival de Nadal est\u00e0 a prop i els nens i nenes de primer ja estem preparant la can\u00e7\u00f3 en angl\u00e8s. Enguany el festival est\u00e0 relacionat amb el cinema i a primer ens hem posat en la pell dels &#8220;Ghostbusters&#8221;!. Escolteu-la i gaudiu-la amb ells&hellip;  <a href=\"https:\/\/agora.xtec.cat\/ceip-ignasiiglesias-cornella\/primaria\/1r-ghostbusters\/\" title=\"Read 1r &#8220;Ghostbusters&#8221;\">Llegeix m\u00e9s\u00bb<\/a><\/p>\n","protected":false},"author":1,"featured_media":2464,"comment_status":"open","ping_status":"closed","sticky":false,"template":"","format":"standard","meta":{"_bbp_topic_count":0,"_bbp_reply_count":0,"_bbp_total_topic_count":0,"_bbp_total_reply_count":0,"_bbp_voice_count":0,"_bbp_anonymous_reply_count":0,"_bbp_topic_count_hidden":0,"_bbp_reply_count_hidden":0,"_bbp_forum_subforum_count":0,"footnotes":""},"categories":[82,10,5],"tags":[134,491,137,138],"class_list":["post-2461","post","type-post","status-publish","format-standard","has-post-thumbnail","hentry","category-angles","category-cicle-inicial","category-primaria","tag-angles","tag-canco-nadal","tag-cicle-inicial","tag-primer"],"post_mailing_queue_ids":[],"_links":{"self":[{"href":"https:\/\/agora.xtec.cat\/ceip-ignasiiglesias-cornella\/wp-json\/wp\/v2\/posts\/2461","targetHints":{"allow":["GET"]}}],"collection":[{"href":"https:\/\/agora.xtec.cat\/ceip-ignasiiglesias-cornella\/wp-json\/wp\/v2\/posts"}],"about":[{"href":"https:\/\/agora.xtec.cat\/ceip-ignasiiglesias-cornella\/wp-json\/wp\/v2\/types\/post"}],"author":[{"embeddable":true,"href":"https:\/\/agora.xtec.cat\/ceip-ignasiiglesias-cornella\/wp-json\/wp\/v2\/users\/1"}],"replies":[{"embeddable":true,"href":"https:\/\/agora.xtec.cat\/ceip-ignasiiglesias-cornella\/wp-json\/wp\/v2\/comments?post=2461"}],"version-history":[{"count":2,"href":"https:\/\/agora.xtec.cat\/ceip-ignasiiglesias-cornella\/wp-json\/wp\/v2\/posts\/2461\/revisions"}],"predecessor-version":[{"id":2465,"href":"https:\/\/agora.xtec.cat\/ceip-ignasiiglesias-cornella\/wp-json\/wp\/v2\/posts\/2461\/revisions\/2465"}],"wp:featuredmedia":[{"embeddable":true,"href":"https:\/\/agora.xtec.cat\/ceip-ignasiiglesias-cornella\/wp-json\/wp\/v2\/media\/2464"}],"wp:attachment":[{"href":"https:\/\/agora.xtec.cat\/ceip-ignasiiglesias-cornella\/wp-json\/wp\/v2\/media?parent=2461"}],"wp:term":[{"taxonomy":"category","embeddable":true,"href":"https:\/\/agora.xtec.cat\/ceip-ignasiiglesias-cornella\/wp-json\/wp\/v2\/categories?post=2461"},{"taxonomy":"post_tag","embeddable":true,"href":"https:\/\/agora.xtec.cat\/ceip-ignasiiglesias-cornella\/wp-json\/wp\/v2\/tags?post=2461"}],"curies":[{"name":"wp","href":"https:\/\/api.w.org\/{rel}","templated":true}]}}