{"id":2459,"date":"2018-11-23T15:09:52","date_gmt":"2018-11-23T14:09:52","guid":{"rendered":"http:\/\/agora.xtec.cat\/ceip-ignasiiglesias-cornella\/?p=2459"},"modified":"2018-11-23T15:09:52","modified_gmt":"2018-11-23T14:09:52","slug":"p5-shake-it-off-sing","status":"publish","type":"post","link":"https:\/\/agora.xtec.cat\/ceip-ignasiiglesias-cornella\/infantil\/p5-shake-it-off-sing\/","title":{"rendered":"P5 &#8220;Shake it off&#8221; SING"},"content":{"rendered":"<p>Aquest curs the Chrsitmas Festival est\u00e0 relacionat amb el cinema. A m\u00e9s el nens i nenes de P5 canten en angl\u00e8s per primera vegada. Aquesta \u00e9s la can\u00e7\u00f3 que estem assejant a la classe, escolteu-la i gaudiu-la amb ellls i elles:<\/p>\n<p><iframe loading=\"lazy\" title=\"Sing - Rosita y Gunter (Canci\u00f3n Limpia) Shake It Off\" width=\"500\" height=\"281\" src=\"https:\/\/www.youtube.com\/embed\/zG3BVJPX88Q?feature=oembed\" frameborder=\"0\" allow=\"accelerometer; autoplay; clipboard-write; encrypted-media; gyroscope; picture-in-picture; web-share\" referrerpolicy=\"strict-origin-when-cross-origin\" allowfullscreen><\/iframe><\/p>\n<p>&nbsp;<\/p>\n<p>&nbsp;<\/p>\n","protected":false},"excerpt":{"rendered":"<p>Aquest curs the Chrsitmas Festival est\u00e0 relacionat amb el cinema. A m\u00e9s el nens i nenes de P5 canten en angl\u00e8s per primera vegada. Aquesta \u00e9s la can\u00e7\u00f3 que estem assejant a la classe, escolteu-la i gaudiu-la amb ellls i elles:<\/p>\n<p>&nbsp;<br \/>\n&nbsp;<\/p>\n","protected":false},"author":1,"featured_media":2463,"comment_status":"open","ping_status":"closed","sticky":false,"template":"","format":"standard","meta":{"_bbp_topic_count":0,"_bbp_reply_count":0,"_bbp_total_topic_count":0,"_bbp_total_reply_count":0,"_bbp_voice_count":0,"_bbp_anonymous_reply_count":0,"_bbp_topic_count_hidden":0,"_bbp_reply_count_hidden":0,"_bbp_forum_subforum_count":0,"footnotes":""},"categories":[82,2,9],"tags":[134,491,85,86],"class_list":["post-2459","post","type-post","status-publish","format-standard","has-post-thumbnail","hentry","category-angles","category-infantil","category-p5","tag-angles","tag-canco-nadal","tag-infantil","tag-p5"],"post_mailing_queue_ids":[],"_links":{"self":[{"href":"https:\/\/agora.xtec.cat\/ceip-ignasiiglesias-cornella\/wp-json\/wp\/v2\/posts\/2459","targetHints":{"allow":["GET"]}}],"collection":[{"href":"https:\/\/agora.xtec.cat\/ceip-ignasiiglesias-cornella\/wp-json\/wp\/v2\/posts"}],"about":[{"href":"https:\/\/agora.xtec.cat\/ceip-ignasiiglesias-cornella\/wp-json\/wp\/v2\/types\/post"}],"author":[{"embeddable":true,"href":"https:\/\/agora.xtec.cat\/ceip-ignasiiglesias-cornella\/wp-json\/wp\/v2\/users\/1"}],"replies":[{"embeddable":true,"href":"https:\/\/agora.xtec.cat\/ceip-ignasiiglesias-cornella\/wp-json\/wp\/v2\/comments?post=2459"}],"version-history":[{"count":1,"href":"https:\/\/agora.xtec.cat\/ceip-ignasiiglesias-cornella\/wp-json\/wp\/v2\/posts\/2459\/revisions"}],"predecessor-version":[{"id":2460,"href":"https:\/\/agora.xtec.cat\/ceip-ignasiiglesias-cornella\/wp-json\/wp\/v2\/posts\/2459\/revisions\/2460"}],"wp:featuredmedia":[{"embeddable":true,"href":"https:\/\/agora.xtec.cat\/ceip-ignasiiglesias-cornella\/wp-json\/wp\/v2\/media\/2463"}],"wp:attachment":[{"href":"https:\/\/agora.xtec.cat\/ceip-ignasiiglesias-cornella\/wp-json\/wp\/v2\/media?parent=2459"}],"wp:term":[{"taxonomy":"category","embeddable":true,"href":"https:\/\/agora.xtec.cat\/ceip-ignasiiglesias-cornella\/wp-json\/wp\/v2\/categories?post=2459"},{"taxonomy":"post_tag","embeddable":true,"href":"https:\/\/agora.xtec.cat\/ceip-ignasiiglesias-cornella\/wp-json\/wp\/v2\/tags?post=2459"}],"curies":[{"name":"wp","href":"https:\/\/api.w.org\/{rel}","templated":true}]}}