{"id":2456,"date":"2018-11-19T20:05:50","date_gmt":"2018-11-19T19:05:50","guid":{"rendered":"http:\/\/agora.xtec.cat\/ceip-ignasiiglesias-cornella\/?p=2456"},"modified":"2018-11-19T20:05:50","modified_gmt":"2018-11-19T19:05:50","slug":"eleccions-al-consell-escolar","status":"publish","type":"post","link":"https:\/\/agora.xtec.cat\/ceip-ignasiiglesias-cornella\/portada\/eleccions-al-consell-escolar\/","title":{"rendered":"Eleccions al Consell Escolar"},"content":{"rendered":"<p style=\"text-align: justify;\">Aquest any finalitzant la seva participaci\u00f3 en el Consell Escolar, representants de les fam\u00edlies i tamb\u00e9 membres de l&#8217;equip docent. Del sector pares i mares cal renovar tres membres i ja tenim les persones que han presentat la seva &#8220;candidatura&#8221;.<\/p>\n<p style=\"text-align: justify;\">La seva identitat estar\u00e0 explicitada dins del recinte de l&#8217;escola, per a qu\u00e8 tothom conegui els\/les\u00a0 candidats\/es.<\/p>\n<p style=\"text-align: justify;\">Demanem a la comunitat educativa la seva participaci\u00f3 en l&#8217;acte de votaci\u00f3, que tindr\u00e0 lloc el proper <strong>dimecres 28 de novembre en la franja hor\u00e0ria 15:00-18:00.<\/strong><\/p>\n<p style=\"text-align: justify;\">En un principi estava previst fer la votaci\u00f3 el dijous 29 de novembre, per\u00f2 donada la convocat\u00f2ria de vaga del sector de l&#8217;ensenyament, la data de les votacions s&#8217;ha hagut de canviar.<\/p>\n","protected":false},"excerpt":{"rendered":"<p>Aquest any finalitzant la seva participaci\u00f3 en el Consell Escolar, representants de les fam\u00edlies i tamb\u00e9 membres de l&#8217;equip docent. Del sector pares i mares cal renovar tres membres i ja tenim les persones que han presentat la seva &#8220;candidatura&#8221;.<br \/>\nLa seva identitat estar\u00e0 explicitada dins&hellip;  <a href=\"https:\/\/agora.xtec.cat\/ceip-ignasiiglesias-cornella\/portada\/eleccions-al-consell-escolar\/\" title=\"Read Eleccions al Consell Escolar\">Llegeix m\u00e9s\u00bb<\/a><\/p>\n","protected":false},"author":1,"featured_media":0,"comment_status":"closed","ping_status":"closed","sticky":false,"template":"","format":"standard","meta":{"_bbp_topic_count":0,"_bbp_reply_count":0,"_bbp_total_topic_count":0,"_bbp_total_reply_count":0,"_bbp_voice_count":0,"_bbp_anonymous_reply_count":0,"_bbp_topic_count_hidden":0,"_bbp_reply_count_hidden":0,"_bbp_forum_subforum_count":0,"footnotes":""},"categories":[4],"tags":[488,489,429,490],"class_list":["post-2456","post","type-post","status-publish","format-standard","hentry","category-portada","tag-consell","tag-eleccions","tag-escolar","tag-votacions"],"post_mailing_queue_ids":[],"_links":{"self":[{"href":"https:\/\/agora.xtec.cat\/ceip-ignasiiglesias-cornella\/wp-json\/wp\/v2\/posts\/2456","targetHints":{"allow":["GET"]}}],"collection":[{"href":"https:\/\/agora.xtec.cat\/ceip-ignasiiglesias-cornella\/wp-json\/wp\/v2\/posts"}],"about":[{"href":"https:\/\/agora.xtec.cat\/ceip-ignasiiglesias-cornella\/wp-json\/wp\/v2\/types\/post"}],"author":[{"embeddable":true,"href":"https:\/\/agora.xtec.cat\/ceip-ignasiiglesias-cornella\/wp-json\/wp\/v2\/users\/1"}],"replies":[{"embeddable":true,"href":"https:\/\/agora.xtec.cat\/ceip-ignasiiglesias-cornella\/wp-json\/wp\/v2\/comments?post=2456"}],"version-history":[{"count":2,"href":"https:\/\/agora.xtec.cat\/ceip-ignasiiglesias-cornella\/wp-json\/wp\/v2\/posts\/2456\/revisions"}],"predecessor-version":[{"id":2458,"href":"https:\/\/agora.xtec.cat\/ceip-ignasiiglesias-cornella\/wp-json\/wp\/v2\/posts\/2456\/revisions\/2458"}],"wp:attachment":[{"href":"https:\/\/agora.xtec.cat\/ceip-ignasiiglesias-cornella\/wp-json\/wp\/v2\/media?parent=2456"}],"wp:term":[{"taxonomy":"category","embeddable":true,"href":"https:\/\/agora.xtec.cat\/ceip-ignasiiglesias-cornella\/wp-json\/wp\/v2\/categories?post=2456"},{"taxonomy":"post_tag","embeddable":true,"href":"https:\/\/agora.xtec.cat\/ceip-ignasiiglesias-cornella\/wp-json\/wp\/v2\/tags?post=2456"}],"curies":[{"name":"wp","href":"https:\/\/api.w.org\/{rel}","templated":true}]}}