{"id":2422,"date":"2018-11-12T15:52:42","date_gmt":"2018-11-12T14:52:42","guid":{"rendered":"http:\/\/agora.xtec.cat\/ceip-ignasiiglesias-cornella\/?p=2422"},"modified":"2018-11-12T15:52:42","modified_gmt":"2018-11-12T14:52:42","slug":"p3-esmorzar-cooperatiu","status":"publish","type":"post","link":"https:\/\/agora.xtec.cat\/ceip-ignasiiglesias-cornella\/infantil\/p3-esmorzar-cooperatiu\/","title":{"rendered":"P3. Esmorzar cooperatiu!"},"content":{"rendered":"<p>La setmana passada vam iniciar els esmorzars cooperatius i est\u00e0 sent una experi\u00e8ncia molt positiva. Una estona abans d&#8217;esmorzar, els nens i nenes que han portat els aliments els preparen: netegen la fruita, la pelen, la tallen amb la nostra ajuda, la posen al bol, preparem el formatge&#8230; Despr\u00e9s, cadasc\u00fa tria el que vol esmorzar i s&#8217;ho posa a la seva carmanyola. Estem sent cada vegada m\u00e9s aut\u00f2noms i tastem aliments nous!<\/p>\n<p>Cliqueu a la imatge i veureu totes les fotos d&#8217;aquest dies.<\/p>\n<p><a href=\"https:\/\/photos.app.goo.gl\/KSjWwGvW6zNbzfgD9\"><img loading=\"lazy\" decoding=\"async\" class=\"alignnone size-medium wp-image-2423\" src=\"https:\/\/agora.xtec.cat\/ceip-ignasiiglesias-cornella\/wp-content\/uploads\/usu1592\/2018\/11\/IMG_4595-300x225.jpg\" alt=\"\" width=\"300\" height=\"225\" srcset=\"https:\/\/agora.xtec.cat\/ceip-ignasiiglesias-cornella\/wp-content\/uploads\/usu1592\/2018\/11\/IMG_4595-300x225.jpg 300w, https:\/\/agora.xtec.cat\/ceip-ignasiiglesias-cornella\/wp-content\/uploads\/usu1592\/2018\/11\/IMG_4595-200x150.jpg 200w, https:\/\/agora.xtec.cat\/ceip-ignasiiglesias-cornella\/wp-content\/uploads\/usu1592\/2018\/11\/IMG_4595.jpg 461w\" sizes=\"auto, (max-width: 300px) 100vw, 300px\" \/><\/a><\/p>\n","protected":false},"excerpt":{"rendered":"<p>La setmana passada vam iniciar els esmorzars cooperatius i est\u00e0 sent una experi\u00e8ncia molt positiva. Una estona abans d&#8217;esmorzar, els nens i nenes que han portat els aliments els preparen: netegen la fruita, la pelen, la tallen amb la nostra ajuda, la posen al bol,&hellip;  <a href=\"https:\/\/agora.xtec.cat\/ceip-ignasiiglesias-cornella\/infantil\/p3-esmorzar-cooperatiu\/\" title=\"Read P3. Esmorzar cooperatiu!\">Llegeix m\u00e9s\u00bb<\/a><\/p>\n","protected":false},"author":1,"featured_media":2423,"comment_status":"open","ping_status":"closed","sticky":false,"template":"","format":"standard","meta":{"_bbp_topic_count":0,"_bbp_reply_count":0,"_bbp_total_topic_count":0,"_bbp_total_reply_count":0,"_bbp_voice_count":0,"_bbp_anonymous_reply_count":0,"_bbp_topic_count_hidden":0,"_bbp_reply_count_hidden":0,"_bbp_forum_subforum_count":0,"footnotes":""},"categories":[2,3],"tags":[479,218,480,85,92,219,77],"class_list":["post-2422","post","type-post","status-publish","format-standard","has-post-thumbnail","hentry","category-infantil","category-p3","tag-cooperatiu","tag-esmorzar","tag-fruita","tag-infantil","tag-p3","tag-saludable","tag-tardor"],"post_mailing_queue_ids":[],"_links":{"self":[{"href":"https:\/\/agora.xtec.cat\/ceip-ignasiiglesias-cornella\/wp-json\/wp\/v2\/posts\/2422","targetHints":{"allow":["GET"]}}],"collection":[{"href":"https:\/\/agora.xtec.cat\/ceip-ignasiiglesias-cornella\/wp-json\/wp\/v2\/posts"}],"about":[{"href":"https:\/\/agora.xtec.cat\/ceip-ignasiiglesias-cornella\/wp-json\/wp\/v2\/types\/post"}],"author":[{"embeddable":true,"href":"https:\/\/agora.xtec.cat\/ceip-ignasiiglesias-cornella\/wp-json\/wp\/v2\/users\/1"}],"replies":[{"embeddable":true,"href":"https:\/\/agora.xtec.cat\/ceip-ignasiiglesias-cornella\/wp-json\/wp\/v2\/comments?post=2422"}],"version-history":[{"count":1,"href":"https:\/\/agora.xtec.cat\/ceip-ignasiiglesias-cornella\/wp-json\/wp\/v2\/posts\/2422\/revisions"}],"predecessor-version":[{"id":2424,"href":"https:\/\/agora.xtec.cat\/ceip-ignasiiglesias-cornella\/wp-json\/wp\/v2\/posts\/2422\/revisions\/2424"}],"wp:featuredmedia":[{"embeddable":true,"href":"https:\/\/agora.xtec.cat\/ceip-ignasiiglesias-cornella\/wp-json\/wp\/v2\/media\/2423"}],"wp:attachment":[{"href":"https:\/\/agora.xtec.cat\/ceip-ignasiiglesias-cornella\/wp-json\/wp\/v2\/media?parent=2422"}],"wp:term":[{"taxonomy":"category","embeddable":true,"href":"https:\/\/agora.xtec.cat\/ceip-ignasiiglesias-cornella\/wp-json\/wp\/v2\/categories?post=2422"},{"taxonomy":"post_tag","embeddable":true,"href":"https:\/\/agora.xtec.cat\/ceip-ignasiiglesias-cornella\/wp-json\/wp\/v2\/tags?post=2422"}],"curies":[{"name":"wp","href":"https:\/\/api.w.org\/{rel}","templated":true}]}}