{"id":2407,"date":"2018-11-19T15:42:00","date_gmt":"2018-11-19T14:42:00","guid":{"rendered":"http:\/\/agora.xtec.cat\/ceip-ignasiiglesias-cornella\/?p=2407"},"modified":"2018-11-19T15:44:41","modified_gmt":"2018-11-19T14:44:41","slug":"infantil-ens-preparem-lesmorzar","status":"publish","type":"post","link":"https:\/\/agora.xtec.cat\/ceip-ignasiiglesias-cornella\/infantil\/infantil-ens-preparem-lesmorzar\/","title":{"rendered":"INFANTIL. Ens preparem l&#8217;esmorzar!"},"content":{"rendered":"<p>Aquesta \u00e9s la tercera setmana que els nens i nenes del parvulari hem comen\u00e7at a preparar l&#8217;esmorzar a la classe. Us deixem l&#8217;enlla\u00e7 on anirem penjant les fotos que anem fent. Us agra\u00efm la col\u2022laboraci\u00f3 i el comprom\u00eds que heu adquirit.<\/p>\n<p>Gr\u00e0cies families! Entreu i cliqueu a les imatges per veure tot l&#8217;\u00e0lbum.<\/p>\n<p>P3<\/p>\n<p><a href=\"https:\/\/photos.app.goo.gl\/KSjWwGvW6zNbzfgD9\"><img loading=\"lazy\" decoding=\"async\" class=\"alignnone size-thumbnail wp-image-2423\" src=\"https:\/\/agora.xtec.cat\/ceip-ignasiiglesias-cornella\/wp-content\/uploads\/usu1592\/2018\/11\/IMG_4595-150x150.jpg\" alt=\"\" width=\"150\" height=\"150\" \/><\/a><\/p>\n<p>P4B<\/p>\n<p><a href=\"https:\/\/photos.app.goo.gl\/jdUenmYapuDuMwRD8\"><img loading=\"lazy\" decoding=\"async\" class=\"alignnone size-thumbnail wp-image-2438\" src=\"https:\/\/agora.xtec.cat\/ceip-ignasiiglesias-cornella\/wp-content\/uploads\/usu1592\/2018\/11\/20181106_100611-150x150.jpg\" alt=\"\" width=\"150\" height=\"150\" \/><\/a><\/p>\n","protected":false},"excerpt":{"rendered":"<p>Aquesta \u00e9s la tercera setmana que els nens i nenes del parvulari hem comen\u00e7at a preparar l&#8217;esmorzar a la classe. Us deixem l&#8217;enlla\u00e7 on anirem penjant les fotos que anem fent. Us agra\u00efm la col\u2022laboraci\u00f3 i el comprom\u00eds que heu adquirit.<br \/>\nGr\u00e0cies families! Entreu i cliqueu&hellip;  <a href=\"https:\/\/agora.xtec.cat\/ceip-ignasiiglesias-cornella\/infantil\/infantil-ens-preparem-lesmorzar\/\" title=\"Read INFANTIL. Ens preparem l&#8217;esmorzar!\">Llegeix m\u00e9s\u00bb<\/a><\/p>\n","protected":false},"author":1,"featured_media":2436,"comment_status":"open","ping_status":"closed","sticky":false,"template":"","format":"standard","meta":{"_bbp_topic_count":0,"_bbp_reply_count":0,"_bbp_total_topic_count":0,"_bbp_total_reply_count":0,"_bbp_voice_count":0,"_bbp_anonymous_reply_count":0,"_bbp_topic_count_hidden":0,"_bbp_reply_count_hidden":0,"_bbp_forum_subforum_count":0,"footnotes":""},"categories":[2,8,4],"tags":[477,476,85,92,93],"class_list":["post-2407","post","type-post","status-publish","format-standard","has-post-thumbnail","hentry","category-infantil","category-p4","category-portada","tag-18-19","tag-esmorzars","tag-infantil","tag-p3","tag-p4"],"post_mailing_queue_ids":[],"_links":{"self":[{"href":"https:\/\/agora.xtec.cat\/ceip-ignasiiglesias-cornella\/wp-json\/wp\/v2\/posts\/2407","targetHints":{"allow":["GET"]}}],"collection":[{"href":"https:\/\/agora.xtec.cat\/ceip-ignasiiglesias-cornella\/wp-json\/wp\/v2\/posts"}],"about":[{"href":"https:\/\/agora.xtec.cat\/ceip-ignasiiglesias-cornella\/wp-json\/wp\/v2\/types\/post"}],"author":[{"embeddable":true,"href":"https:\/\/agora.xtec.cat\/ceip-ignasiiglesias-cornella\/wp-json\/wp\/v2\/users\/1"}],"replies":[{"embeddable":true,"href":"https:\/\/agora.xtec.cat\/ceip-ignasiiglesias-cornella\/wp-json\/wp\/v2\/comments?post=2407"}],"version-history":[{"count":4,"href":"https:\/\/agora.xtec.cat\/ceip-ignasiiglesias-cornella\/wp-json\/wp\/v2\/posts\/2407\/revisions"}],"predecessor-version":[{"id":2440,"href":"https:\/\/agora.xtec.cat\/ceip-ignasiiglesias-cornella\/wp-json\/wp\/v2\/posts\/2407\/revisions\/2440"}],"wp:featuredmedia":[{"embeddable":true,"href":"https:\/\/agora.xtec.cat\/ceip-ignasiiglesias-cornella\/wp-json\/wp\/v2\/media\/2436"}],"wp:attachment":[{"href":"https:\/\/agora.xtec.cat\/ceip-ignasiiglesias-cornella\/wp-json\/wp\/v2\/media?parent=2407"}],"wp:term":[{"taxonomy":"category","embeddable":true,"href":"https:\/\/agora.xtec.cat\/ceip-ignasiiglesias-cornella\/wp-json\/wp\/v2\/categories?post=2407"},{"taxonomy":"post_tag","embeddable":true,"href":"https:\/\/agora.xtec.cat\/ceip-ignasiiglesias-cornella\/wp-json\/wp\/v2\/tags?post=2407"}],"curies":[{"name":"wp","href":"https:\/\/api.w.org\/{rel}","templated":true}]}}