{"id":2359,"date":"2018-10-31T20:19:15","date_gmt":"2018-10-31T19:19:15","guid":{"rendered":"http:\/\/agora.xtec.cat\/ceip-ignasiiglesias-cornella\/?p=2359"},"modified":"2018-10-31T20:19:15","modified_gmt":"2018-10-31T19:19:15","slug":"2n-la-verema","status":"publish","type":"post","link":"https:\/\/agora.xtec.cat\/ceip-ignasiiglesias-cornella\/portada\/2n-la-verema\/","title":{"rendered":"2n La Verema"},"content":{"rendered":"<p>Els nens i les nenes de segon vam marxar d&#8217;excursi\u00f3 a Can Canadell. On vam con\u00e8ixer la vinya i el ra\u00efm, vam visitar el celler i vam trepitjar el ra\u00efm amb els peus tot fent gresca. (Clickeu a la foto per veure totes les fotos i v\u00eddeos).<\/p>\n<p><a href=\"https:\/\/photos.app.goo.gl\/LTUSiMjAV9PSvcCq8\"><img loading=\"lazy\" decoding=\"async\" class=\"aligncenter\" src=\"https:\/\/lh3.googleusercontent.com\/5CTaQwnJ79i6Ioyl1y7dKAYINknFVD4E9FO_blsRXyw_jWbERpyc0h3cu98ubBaDd0OHR9jEsED9A_z85nDLouaVG0ozPvCaW68Q8gdxttj6txcjenjmwpgaBoJu4zhJ9GWHSntkAToN28xIP_a-WHvi3tZm0-jpWo1ipNpkl3AaFPMudvAUi_wcug9W0pMwQTx9royd3Ei44tuqO-cqln-5UBqDpfonHqsTG57xRtYEWK6JxZJmfT79Z32vKPyZc35S9jBtssT8Iv5hLaCadjI_rrP-29TEG-HWln0zCaEK00VsYkFwkpQDfLDLNKHjmI5H9lkxtdx5I9hJVr21z8G4H7CgtZ0F90SAg-3dzQpVPyv3t13zaG4BQ4EEb984ivIHP32ZUUfymW4IFy2a-lewmsRRq75m-Fxr7kbw9N1C60lGVzOFvk390k-hnuj1yhRhNxu9xkPusBlPf1S9Tu2xC5I1b49M8lemTddDt24Nc3dSLtP65XCa9cnbw-7wI2UN0O4REflrXlosLskEElgGnbPiCGhkqfH7kqA1AtoUnRuABVSH7w2XViqBpYEf60vAhGbdhEZ-MxCUZBAsXUUVYXRFo5SDodBGyhLM8EPZ1WFhMpyQiQ_rhEwfYTtKIRaDAvFj4cjE3SH6oyyEEs81=w876-h657-no\" width=\"232\" height=\"174\" \/><\/a><\/p>\n","protected":false},"excerpt":{"rendered":"<p>Els nens i les nenes de segon vam marxar d&#8217;excursi\u00f3 a Can Canadell. On vam con\u00e8ixer la vinya i el ra\u00efm, vam visitar el celler i vam trepitjar el ra\u00efm amb els peus tot fent gresca. (Clickeu a la foto per veure totes les fotos&hellip;  <a href=\"https:\/\/agora.xtec.cat\/ceip-ignasiiglesias-cornella\/portada\/2n-la-verema\/\" title=\"Read 2n La Verema\">Llegeix m\u00e9s\u00bb<\/a><\/p>\n","protected":false},"author":1,"featured_media":0,"comment_status":"open","ping_status":"closed","sticky":false,"template":"","format":"standard","meta":{"_bbp_topic_count":0,"_bbp_reply_count":0,"_bbp_total_topic_count":0,"_bbp_total_reply_count":0,"_bbp_voice_count":0,"_bbp_anonymous_reply_count":0,"_bbp_topic_count_hidden":0,"_bbp_reply_count_hidden":0,"_bbp_forum_subforum_count":0,"footnotes":""},"categories":[10,4,5],"tags":[210,137,101,141,77,460],"class_list":["post-2359","post","type-post","status-publish","format-standard","hentry","category-cicle-inicial","category-portada","category-primaria","tag-2n","tag-cicle-inicial","tag-segon","tag-sortida","tag-tardor","tag-verema"],"post_mailing_queue_ids":[],"_links":{"self":[{"href":"https:\/\/agora.xtec.cat\/ceip-ignasiiglesias-cornella\/wp-json\/wp\/v2\/posts\/2359","targetHints":{"allow":["GET"]}}],"collection":[{"href":"https:\/\/agora.xtec.cat\/ceip-ignasiiglesias-cornella\/wp-json\/wp\/v2\/posts"}],"about":[{"href":"https:\/\/agora.xtec.cat\/ceip-ignasiiglesias-cornella\/wp-json\/wp\/v2\/types\/post"}],"author":[{"embeddable":true,"href":"https:\/\/agora.xtec.cat\/ceip-ignasiiglesias-cornella\/wp-json\/wp\/v2\/users\/1"}],"replies":[{"embeddable":true,"href":"https:\/\/agora.xtec.cat\/ceip-ignasiiglesias-cornella\/wp-json\/wp\/v2\/comments?post=2359"}],"version-history":[{"count":4,"href":"https:\/\/agora.xtec.cat\/ceip-ignasiiglesias-cornella\/wp-json\/wp\/v2\/posts\/2359\/revisions"}],"predecessor-version":[{"id":2394,"href":"https:\/\/agora.xtec.cat\/ceip-ignasiiglesias-cornella\/wp-json\/wp\/v2\/posts\/2359\/revisions\/2394"}],"wp:attachment":[{"href":"https:\/\/agora.xtec.cat\/ceip-ignasiiglesias-cornella\/wp-json\/wp\/v2\/media?parent=2359"}],"wp:term":[{"taxonomy":"category","embeddable":true,"href":"https:\/\/agora.xtec.cat\/ceip-ignasiiglesias-cornella\/wp-json\/wp\/v2\/categories?post=2359"},{"taxonomy":"post_tag","embeddable":true,"href":"https:\/\/agora.xtec.cat\/ceip-ignasiiglesias-cornella\/wp-json\/wp\/v2\/tags?post=2359"}],"curies":[{"name":"wp","href":"https:\/\/api.w.org\/{rel}","templated":true}]}}