{"id":2265,"date":"2018-09-24T17:26:58","date_gmt":"2018-09-24T15:26:58","guid":{"rendered":"http:\/\/agora.xtec.cat\/ceip-ignasiiglesias-cornella\/?p=2265"},"modified":"2018-09-24T17:26:58","modified_gmt":"2018-09-24T15:26:58","slug":"cursa-solidaria-contra-la-leucemia-infantil","status":"publish","type":"post","link":"https:\/\/agora.xtec.cat\/ceip-ignasiiglesias-cornella\/portada\/cursa-solidaria-contra-la-leucemia-infantil\/","title":{"rendered":"Cursa Solid\u00e0ria contra la Leucemia Infantil"},"content":{"rendered":"<p>Aquest any l&#8217;Ignasi participa en una cursa solid\u00e0ria a favor de la lluita contra el c\u00e0ncer infantil. Consisteix en fer una volta per fora de l&#8217;escola, on podem apuntar-nos tothom.<\/p>\n<p>Cita: <strong>26 d&#8217;octubre a les 17 hores.<\/strong><\/p>\n<p>Per ampliar informaci\u00f3 sobre el projecte de l&#8217;entitat podeu visitar la seva p\u00e0gina web: <a href=\"https:\/\/www.lavueltaalcole.com\">www.lavueltaalcole.com<\/a><\/p>\n<p>No dubteu en apuntar-vos!!!!<\/p>\n<p><strong>*Inscripcions els dies 24, 25 i 26 de Setembre a les entrades i sortides de l&#8217;escola.*<\/strong><\/p>\n<p>Us esperem!!!!<\/p>\n<p><img loading=\"lazy\" decoding=\"async\" class=\"alignnone wp-image-2267 size-large\" src=\"http:\/\/agora.xtec.cat\/ceip-ignasiiglesias-cornella\/wp-content\/uploads\/usu1592\/2018\/09\/0228A60D-4A2F-42AF-929B-AC8CDD57E68F-724x1024.jpeg\" alt=\"\" width=\"724\" height=\"1024\" srcset=\"https:\/\/agora.xtec.cat\/ceip-ignasiiglesias-cornella\/wp-content\/uploads\/usu1592\/2018\/09\/0228A60D-4A2F-42AF-929B-AC8CDD57E68F-724x1024.jpeg 724w, https:\/\/agora.xtec.cat\/ceip-ignasiiglesias-cornella\/wp-content\/uploads\/usu1592\/2018\/09\/0228A60D-4A2F-42AF-929B-AC8CDD57E68F-212x300.jpeg 212w, https:\/\/agora.xtec.cat\/ceip-ignasiiglesias-cornella\/wp-content\/uploads\/usu1592\/2018\/09\/0228A60D-4A2F-42AF-929B-AC8CDD57E68F-768x1086.jpeg 768w, https:\/\/agora.xtec.cat\/ceip-ignasiiglesias-cornella\/wp-content\/uploads\/usu1592\/2018\/09\/0228A60D-4A2F-42AF-929B-AC8CDD57E68F.jpeg 1131w\" sizes=\"auto, (max-width: 724px) 100vw, 724px\" \/><\/p>\n","protected":false},"excerpt":{"rendered":"<p>Aquest any l&#8217;Ignasi participa en una cursa solid\u00e0ria a favor de la lluita contra el c\u00e0ncer infantil. Consisteix en fer una volta per fora de l&#8217;escola, on podem apuntar-nos tothom.<br \/>\nCita: 26 d&#8217;octubre a les 17 hores.<br \/>\nPer ampliar informaci\u00f3 sobre el projecte de l&#8217;entitat podeu visitar&hellip;  <a href=\"https:\/\/agora.xtec.cat\/ceip-ignasiiglesias-cornella\/portada\/cursa-solidaria-contra-la-leucemia-infantil\/\" title=\"Read Cursa Solid\u00e0ria contra la Leucemia Infantil\">Llegeix m\u00e9s\u00bb<\/a><\/p>\n","protected":false},"author":1,"featured_media":2267,"comment_status":"open","ping_status":"closed","sticky":false,"template":"","format":"standard","meta":{"_bbp_topic_count":0,"_bbp_reply_count":0,"_bbp_total_topic_count":0,"_bbp_total_reply_count":0,"_bbp_voice_count":0,"_bbp_anonymous_reply_count":0,"_bbp_topic_count_hidden":0,"_bbp_reply_count_hidden":0,"_bbp_forum_subforum_count":0,"footnotes":""},"categories":[4],"tags":[169,444,441,85,442,217,443],"class_list":["post-2265","post","type-post","status-publish","format-standard","has-post-thumbnail","hentry","category-portada","tag-ampa","tag-cole","tag-cursa","tag-infantil","tag-leucemia","tag-solidaria","tag-vuelta"],"post_mailing_queue_ids":[],"_links":{"self":[{"href":"https:\/\/agora.xtec.cat\/ceip-ignasiiglesias-cornella\/wp-json\/wp\/v2\/posts\/2265","targetHints":{"allow":["GET"]}}],"collection":[{"href":"https:\/\/agora.xtec.cat\/ceip-ignasiiglesias-cornella\/wp-json\/wp\/v2\/posts"}],"about":[{"href":"https:\/\/agora.xtec.cat\/ceip-ignasiiglesias-cornella\/wp-json\/wp\/v2\/types\/post"}],"author":[{"embeddable":true,"href":"https:\/\/agora.xtec.cat\/ceip-ignasiiglesias-cornella\/wp-json\/wp\/v2\/users\/1"}],"replies":[{"embeddable":true,"href":"https:\/\/agora.xtec.cat\/ceip-ignasiiglesias-cornella\/wp-json\/wp\/v2\/comments?post=2265"}],"version-history":[{"count":3,"href":"https:\/\/agora.xtec.cat\/ceip-ignasiiglesias-cornella\/wp-json\/wp\/v2\/posts\/2265\/revisions"}],"predecessor-version":[{"id":2270,"href":"https:\/\/agora.xtec.cat\/ceip-ignasiiglesias-cornella\/wp-json\/wp\/v2\/posts\/2265\/revisions\/2270"}],"wp:featuredmedia":[{"embeddable":true,"href":"https:\/\/agora.xtec.cat\/ceip-ignasiiglesias-cornella\/wp-json\/wp\/v2\/media\/2267"}],"wp:attachment":[{"href":"https:\/\/agora.xtec.cat\/ceip-ignasiiglesias-cornella\/wp-json\/wp\/v2\/media?parent=2265"}],"wp:term":[{"taxonomy":"category","embeddable":true,"href":"https:\/\/agora.xtec.cat\/ceip-ignasiiglesias-cornella\/wp-json\/wp\/v2\/categories?post=2265"},{"taxonomy":"post_tag","embeddable":true,"href":"https:\/\/agora.xtec.cat\/ceip-ignasiiglesias-cornella\/wp-json\/wp\/v2\/tags?post=2265"}],"curies":[{"name":"wp","href":"https:\/\/api.w.org\/{rel}","templated":true}]}}