{"id":2182,"date":"2018-06-27T12:17:10","date_gmt":"2018-06-27T10:17:10","guid":{"rendered":"http:\/\/agora.xtec.cat\/ceip-ignasiiglesias-cornella\/?p=2182"},"modified":"2018-06-27T12:17:10","modified_gmt":"2018-06-27T10:17:10","slug":"4t-colonies-2018","status":"publish","type":"post","link":"https:\/\/agora.xtec.cat\/ceip-ignasiiglesias-cornella\/portada\/4t-colonies-2018\/","title":{"rendered":"4t. Col\u00f2nies 2018"},"content":{"rendered":"<p>Ja podeu veure les fotos de les col\u00f2nies a la galeria de fotos de Cicle Mitj\u00e0. Desitgem que us agradin!<\/p>\n<p>Per accedir directament a la carpeta cliqueu la foto.<\/p>\n<p><a href=\"https:\/\/photos.app.goo.gl\/8fGsQj238e7k4ZEW9\" target=\"_blank\" rel=\"noopener noreferrer\"><img loading=\"lazy\" decoding=\"async\" class=\"alignnone wp-image-2177 size-medium\" src=\"http:\/\/agora.xtec.cat\/ceip-ignasiiglesias-cornella\/wp-content\/uploads\/usu1592\/2017\/11\/DSC_0644-300x199.jpg\" alt=\"\" width=\"300\" height=\"199\" \/><\/a><\/p>\n","protected":false},"excerpt":{"rendered":"<p>Ja podeu veure les fotos de les col\u00f2nies a la galeria de fotos de Cicle Mitj\u00e0. Desitgem que us agradin!<br \/>\nPer accedir directament a la carpeta cliqueu la foto.<br \/>\n<a href=\"https:\/\/photos.app.goo.gl\/8fGsQj238e7k4ZEW9\" target=\"_blank\" rel=\"noopener noreferrer\"><\/a><\/p>\n","protected":false},"author":4,"featured_media":0,"comment_status":"open","ping_status":"closed","sticky":false,"template":"","format":"standard","meta":{"_bbp_topic_count":0,"_bbp_reply_count":0,"_bbp_total_topic_count":0,"_bbp_total_reply_count":0,"_bbp_voice_count":0,"_bbp_anonymous_reply_count":0,"_bbp_topic_count_hidden":0,"_bbp_reply_count_hidden":0,"_bbp_forum_subforum_count":0,"footnotes":""},"categories":[12,4,5],"tags":[124,410,204],"class_list":["post-2182","post","type-post","status-publish","format-standard","hentry","category-cicle-mitja","category-portada","category-primaria","tag-4t","tag-colonies","tag-quart"],"post_mailing_queue_ids":[],"_links":{"self":[{"href":"https:\/\/agora.xtec.cat\/ceip-ignasiiglesias-cornella\/wp-json\/wp\/v2\/posts\/2182","targetHints":{"allow":["GET"]}}],"collection":[{"href":"https:\/\/agora.xtec.cat\/ceip-ignasiiglesias-cornella\/wp-json\/wp\/v2\/posts"}],"about":[{"href":"https:\/\/agora.xtec.cat\/ceip-ignasiiglesias-cornella\/wp-json\/wp\/v2\/types\/post"}],"author":[{"embeddable":true,"href":"https:\/\/agora.xtec.cat\/ceip-ignasiiglesias-cornella\/wp-json\/wp\/v2\/users\/4"}],"replies":[{"embeddable":true,"href":"https:\/\/agora.xtec.cat\/ceip-ignasiiglesias-cornella\/wp-json\/wp\/v2\/comments?post=2182"}],"version-history":[{"count":1,"href":"https:\/\/agora.xtec.cat\/ceip-ignasiiglesias-cornella\/wp-json\/wp\/v2\/posts\/2182\/revisions"}],"predecessor-version":[{"id":2183,"href":"https:\/\/agora.xtec.cat\/ceip-ignasiiglesias-cornella\/wp-json\/wp\/v2\/posts\/2182\/revisions\/2183"}],"wp:attachment":[{"href":"https:\/\/agora.xtec.cat\/ceip-ignasiiglesias-cornella\/wp-json\/wp\/v2\/media?parent=2182"}],"wp:term":[{"taxonomy":"category","embeddable":true,"href":"https:\/\/agora.xtec.cat\/ceip-ignasiiglesias-cornella\/wp-json\/wp\/v2\/categories?post=2182"},{"taxonomy":"post_tag","embeddable":true,"href":"https:\/\/agora.xtec.cat\/ceip-ignasiiglesias-cornella\/wp-json\/wp\/v2\/tags?post=2182"}],"curies":[{"name":"wp","href":"https:\/\/api.w.org\/{rel}","templated":true}]}}