{"id":2149,"date":"2018-06-26T12:33:30","date_gmt":"2018-06-26T10:33:30","guid":{"rendered":"http:\/\/agora.xtec.cat\/ceip-ignasiiglesias-cornella\/?p=2149"},"modified":"2018-06-27T09:57:37","modified_gmt":"2018-06-27T07:57:37","slug":"hem-acabat-p3-i-arriba-lestiu","status":"publish","type":"post","link":"https:\/\/agora.xtec.cat\/ceip-ignasiiglesias-cornella\/general\/hem-acabat-p3-i-arriba-lestiu\/","title":{"rendered":"Hem acabat P3 i arriba l&#8217;estiu!!!"},"content":{"rendered":"<p>Benvolgudes families!<\/p>\n<p>Us deixem <a href=\"https:\/\/photos.app.goo.gl\/HW8hidUr6fMmYboFA\">l&#8217;enlla\u00e7<\/a> de totes les activitats de l&#8217;\u00faltima setmana de P3.<\/p>\n<p style=\"text-align: justify;\"><strong>Ha estat un plaer compartir el curs amb els vostres fills i filles i amb vosaltres.<\/strong><\/p>\n<p style=\"text-align: justify;\"><strong>Gr\u00e0cies pel recolzament \u00a0i el reconeixement a la nostra tasca amb la vostra feina des de casa i per l&#8217;acolliment que heu fet a les families que han arribat un cop el curs ja estava engegat.<\/strong><\/p>\n<p style=\"text-align: justify;\"><strong>Desitgem que tothom s&#8217;hagi sentit acompanyat i que cadascuna de les families sentiu que ja formeu part de l&#8217;Ignasi<\/strong><\/p>\n<p style=\"text-align: justify;\"><strong>Ha estat un curs intens ple d&#8217;etapes i d&#8217;acompanyament de processos de creixement.<\/strong><\/p>\n<p style=\"text-align: justify;\"><strong>Volem felicitar a tots els infants per la seva adaptaci\u00f3 al ritme viu i emocionant de l&#8217;escola. Podem dir amb felicitat que els nens i les nenes de P3 es senten \u00a0l&#8217;escola seva, que han fet amistats i s&#8217;han fet una mica m\u00e9s grans amb nosaltres.<\/strong><\/p>\n<p style=\"text-align: justify;\"><strong>Ens retrobem al setembre amb un somriure i els ulls plens d&#8217;imatges de l&#8217;estiu!<\/strong><\/p>\n<p style=\"text-align: justify;\"><strong>Ah! Feu els deures del sobre marr\u00f3! ?( no s\u00f3n optatius!), les mestres tamb\u00e9 els farem! Teniu dins el sobre els fulls \u00a0per enganxar les fotos dels millors moments de l&#8217;estiu i que els compartim a l&#8217;aula recollits en forma d&#8217;\u00e0lbum. Feu les explicacions curtes amb paraules en maj\u00fascules i utilitzeu en la mesura del possible les dues cares.\u00a0Els fulls de cada nena i cada nen serviran per construir un \u00e0lbum que tindrem a la biblioteca de l&#8217;aula.<\/strong><\/p>\n<p style=\"text-align: justify;\"><strong>Un \u00e0lbum nostre que ens ajudar\u00e0 a llegir imatges i descobrir lletres!<\/strong><\/p>\n","protected":false},"excerpt":{"rendered":"<p>Benvolgudes families!<br \/>\nUs deixem <a href=\"https:\/\/photos.app.goo.gl\/HW8hidUr6fMmYboFA\">l&#8217;enlla\u00e7<\/a> de totes les activitats de l&#8217;\u00faltima setmana de P3.<br \/>\nHa estat un plaer compartir el curs amb els vostres fills i filles i amb vosaltres.<br \/>\nGr\u00e0cies pel recolzament \u00a0i el reconeixement a la nostra tasca amb la vostra feina des de casa&hellip;  <a href=\"https:\/\/agora.xtec.cat\/ceip-ignasiiglesias-cornella\/general\/hem-acabat-p3-i-arriba-lestiu\/\" title=\"Read Hem acabat P3 i arriba l&#8217;estiu!!!\">Llegeix m\u00e9s\u00bb<\/a><\/p>\n","protected":false},"author":1,"featured_media":0,"comment_status":"open","ping_status":"closed","sticky":false,"template":"","format":"standard","meta":{"_bbp_topic_count":0,"_bbp_reply_count":0,"_bbp_total_topic_count":0,"_bbp_total_reply_count":0,"_bbp_voice_count":0,"_bbp_anonymous_reply_count":0,"_bbp_topic_count_hidden":0,"_bbp_reply_count_hidden":0,"_bbp_forum_subforum_count":0,"footnotes":""},"categories":[1,3],"tags":[413,374,434,92],"class_list":["post-2149","post","type-post","status-publish","format-standard","hentry","category-general","category-p3","tag-aigua","tag-ball","tag-finalcurs","tag-p3"],"post_mailing_queue_ids":[],"_links":{"self":[{"href":"https:\/\/agora.xtec.cat\/ceip-ignasiiglesias-cornella\/wp-json\/wp\/v2\/posts\/2149","targetHints":{"allow":["GET"]}}],"collection":[{"href":"https:\/\/agora.xtec.cat\/ceip-ignasiiglesias-cornella\/wp-json\/wp\/v2\/posts"}],"about":[{"href":"https:\/\/agora.xtec.cat\/ceip-ignasiiglesias-cornella\/wp-json\/wp\/v2\/types\/post"}],"author":[{"embeddable":true,"href":"https:\/\/agora.xtec.cat\/ceip-ignasiiglesias-cornella\/wp-json\/wp\/v2\/users\/1"}],"replies":[{"embeddable":true,"href":"https:\/\/agora.xtec.cat\/ceip-ignasiiglesias-cornella\/wp-json\/wp\/v2\/comments?post=2149"}],"version-history":[{"count":4,"href":"https:\/\/agora.xtec.cat\/ceip-ignasiiglesias-cornella\/wp-json\/wp\/v2\/posts\/2149\/revisions"}],"predecessor-version":[{"id":2157,"href":"https:\/\/agora.xtec.cat\/ceip-ignasiiglesias-cornella\/wp-json\/wp\/v2\/posts\/2149\/revisions\/2157"}],"wp:attachment":[{"href":"https:\/\/agora.xtec.cat\/ceip-ignasiiglesias-cornella\/wp-json\/wp\/v2\/media?parent=2149"}],"wp:term":[{"taxonomy":"category","embeddable":true,"href":"https:\/\/agora.xtec.cat\/ceip-ignasiiglesias-cornella\/wp-json\/wp\/v2\/categories?post=2149"},{"taxonomy":"post_tag","embeddable":true,"href":"https:\/\/agora.xtec.cat\/ceip-ignasiiglesias-cornella\/wp-json\/wp\/v2\/tags?post=2149"}],"curies":[{"name":"wp","href":"https:\/\/api.w.org\/{rel}","templated":true}]}}