{"id":2141,"date":"2018-06-22T12:09:17","date_gmt":"2018-06-22T10:09:17","guid":{"rendered":"http:\/\/agora.xtec.cat\/ceip-ignasiiglesias-cornella\/?p=2141"},"modified":"2018-06-22T12:10:58","modified_gmt":"2018-06-22T10:10:58","slug":"pressupostos-2019","status":"publish","type":"post","link":"https:\/\/agora.xtec.cat\/ceip-ignasiiglesias-cornella\/portada\/pressupostos-2019\/","title":{"rendered":"PRESSUPOSTOS 2019"},"content":{"rendered":"<p>*PRESSUPOSTOS PARTICIPATIUS 2019 CORNELLA DE LLOBREGAT*<br \/>\nAquests any hem presentat com a AMPA dues propostes pels pressupostos participatius de 2019 que hem cregut beneficioses per les families de l\u00b4escola: millora de la pla\u00e7a pau Casals (la que est\u00e0 al sortir de l\u00b4escola) i millora del parc infantil que tenim a dintre.<br \/>\nPer aconseguir que surtin endavant, necessitem la col.laboraci\u00f3 de totes en les votacions (no us portar\u00e0 m\u00e9s de 5 minuts).<\/p>\n<p>Cliqueu <a href=\"http:\/\/opina.cornella.cat\/Enquesta.aspx?idEn=11\">AQU\u00cd <\/a>per fer-ho:<\/p>\n<p>\u2022 Clicar les propostes 184# (MILLORA PARC INFANTIL ESCOLA IGNASI IGLESIAS, dintre de CORNELLA CIUTAT) i 185# (MILLORA PLA\u00c7A PAU CASALS, dintre de EL PEDR\u00d3 BARRI)<br \/>\n\u2022 Al final de la plana registrar-se per votar (s\u00f3n 3 pasos r\u00e0pids i sencills)<br \/>\nEsperem la col.laboraci\u00f3 de tots per poder aconseguir aquestes dues millores per l\u00b4escola.<br \/>\n*EL TERMINI DE VOTACI\u00d3 FINALITZA EL 15 DE JULIOL*<\/p>\n<p><img loading=\"lazy\" decoding=\"async\" class=\"alignnone size-medium wp-image-2143\" src=\"http:\/\/agora.xtec.cat\/ceip-ignasiiglesias-cornella\/wp-content\/uploads\/usu1592\/2018\/06\/328DB255-D293-48B4-8D9B-C863EACF6705-300x300.jpeg\" alt=\"\" width=\"300\" height=\"300\" srcset=\"https:\/\/agora.xtec.cat\/ceip-ignasiiglesias-cornella\/wp-content\/uploads\/usu1592\/2018\/06\/328DB255-D293-48B4-8D9B-C863EACF6705-300x300.jpeg 300w, https:\/\/agora.xtec.cat\/ceip-ignasiiglesias-cornella\/wp-content\/uploads\/usu1592\/2018\/06\/328DB255-D293-48B4-8D9B-C863EACF6705-150x150.jpeg 150w, https:\/\/agora.xtec.cat\/ceip-ignasiiglesias-cornella\/wp-content\/uploads\/usu1592\/2018\/06\/328DB255-D293-48B4-8D9B-C863EACF6705-768x768.jpeg 768w, https:\/\/agora.xtec.cat\/ceip-ignasiiglesias-cornella\/wp-content\/uploads\/usu1592\/2018\/06\/328DB255-D293-48B4-8D9B-C863EACF6705.jpeg 810w\" sizes=\"auto, (max-width: 300px) 100vw, 300px\" \/><\/p>\n","protected":false},"excerpt":{"rendered":"<p>*PRESSUPOSTOS PARTICIPATIUS 2019 CORNELLA DE LLOBREGAT*<br \/>\nAquests any hem presentat com a AMPA dues propostes pels pressupostos participatius de 2019 que hem cregut beneficioses per les families de l\u00b4escola: millora de la pla\u00e7a pau Casals (la que est\u00e0 al sortir de l\u00b4escola) i millora del parc&hellip;  <a href=\"https:\/\/agora.xtec.cat\/ceip-ignasiiglesias-cornella\/portada\/pressupostos-2019\/\" title=\"Read PRESSUPOSTOS 2019\">Llegeix m\u00e9s\u00bb<\/a><\/p>\n","protected":false},"author":1,"featured_media":2143,"comment_status":"open","ping_status":"closed","sticky":false,"template":"","format":"standard","meta":{"_bbp_topic_count":0,"_bbp_reply_count":0,"_bbp_total_topic_count":0,"_bbp_total_reply_count":0,"_bbp_voice_count":0,"_bbp_anonymous_reply_count":0,"_bbp_topic_count_hidden":0,"_bbp_reply_count_hidden":0,"_bbp_forum_subforum_count":0,"footnotes":""},"categories":[4],"tags":[432,431,391,127,162,430,433],"class_list":["post-2141","post","type-post","status-publish","format-standard","has-post-thumbnail","hentry","category-portada","tag-432","tag-ajuntament","tag-cornella","tag-escola","tag-pati","tag-pressupostos","tag-votacio"],"post_mailing_queue_ids":[],"_links":{"self":[{"href":"https:\/\/agora.xtec.cat\/ceip-ignasiiglesias-cornella\/wp-json\/wp\/v2\/posts\/2141","targetHints":{"allow":["GET"]}}],"collection":[{"href":"https:\/\/agora.xtec.cat\/ceip-ignasiiglesias-cornella\/wp-json\/wp\/v2\/posts"}],"about":[{"href":"https:\/\/agora.xtec.cat\/ceip-ignasiiglesias-cornella\/wp-json\/wp\/v2\/types\/post"}],"author":[{"embeddable":true,"href":"https:\/\/agora.xtec.cat\/ceip-ignasiiglesias-cornella\/wp-json\/wp\/v2\/users\/1"}],"replies":[{"embeddable":true,"href":"https:\/\/agora.xtec.cat\/ceip-ignasiiglesias-cornella\/wp-json\/wp\/v2\/comments?post=2141"}],"version-history":[{"count":3,"href":"https:\/\/agora.xtec.cat\/ceip-ignasiiglesias-cornella\/wp-json\/wp\/v2\/posts\/2141\/revisions"}],"predecessor-version":[{"id":2147,"href":"https:\/\/agora.xtec.cat\/ceip-ignasiiglesias-cornella\/wp-json\/wp\/v2\/posts\/2141\/revisions\/2147"}],"wp:featuredmedia":[{"embeddable":true,"href":"https:\/\/agora.xtec.cat\/ceip-ignasiiglesias-cornella\/wp-json\/wp\/v2\/media\/2143"}],"wp:attachment":[{"href":"https:\/\/agora.xtec.cat\/ceip-ignasiiglesias-cornella\/wp-json\/wp\/v2\/media?parent=2141"}],"wp:term":[{"taxonomy":"category","embeddable":true,"href":"https:\/\/agora.xtec.cat\/ceip-ignasiiglesias-cornella\/wp-json\/wp\/v2\/categories?post=2141"},{"taxonomy":"post_tag","embeddable":true,"href":"https:\/\/agora.xtec.cat\/ceip-ignasiiglesias-cornella\/wp-json\/wp\/v2\/tags?post=2141"}],"curies":[{"name":"wp","href":"https:\/\/api.w.org\/{rel}","templated":true}]}}