{"id":2112,"date":"2018-06-19T14:30:24","date_gmt":"2018-06-19T12:30:24","guid":{"rendered":"http:\/\/agora.xtec.cat\/ceip-ignasiiglesias-cornella\/?p=2112"},"modified":"2018-06-19T14:34:52","modified_gmt":"2018-06-19T12:34:52","slug":"les-nostres-tradicions","status":"publish","type":"post","link":"https:\/\/agora.xtec.cat\/ceip-ignasiiglesias-cornella\/general\/les-nostres-tradicions\/","title":{"rendered":"LES NOSTRES TRADICIONS"},"content":{"rendered":"<p>A l\u2019 escola treballem per a l\u2019 assoliment de les diferents compet\u00e8ncies dels infants. Creiem que treballar-les de manera interdisciplin\u00e0ria refor\u00e7a la seva adquisici\u00f3. Per aix\u00f2, enguany hem iniciat un projecte que pret\u00e9n potenciar el proc\u00e9s de lecto-escriptura\u00a0de les nenes i nens de Cicle Inicial incidint en l&#8217;\u00e0mbit ling\u00fc\u00edstic per\u00f2 motivant-los tamb\u00e9 des de l&#8217; \u00e0mbit art\u00edstic.<\/p>\n<p><img loading=\"lazy\" decoding=\"async\" class=\"size-medium wp-image-2125 aligncenter\" src=\"http:\/\/agora.xtec.cat\/ceip-ignasiiglesias-cornella\/wp-content\/uploads\/usu1592\/2018\/06\/Presentaci\u00f3n1-300x225.jpg\" alt=\"\" width=\"300\" height=\"225\" srcset=\"https:\/\/agora.xtec.cat\/ceip-ignasiiglesias-cornella\/wp-content\/uploads\/usu1592\/2018\/06\/Presentaci\u00f3n1-300x225.jpg 300w, https:\/\/agora.xtec.cat\/ceip-ignasiiglesias-cornella\/wp-content\/uploads\/usu1592\/2018\/06\/Presentaci\u00f3n1-768x576.jpg 768w, https:\/\/agora.xtec.cat\/ceip-ignasiiglesias-cornella\/wp-content\/uploads\/usu1592\/2018\/06\/Presentaci\u00f3n1-200x150.jpg 200w, https:\/\/agora.xtec.cat\/ceip-ignasiiglesias-cornella\/wp-content\/uploads\/usu1592\/2018\/06\/Presentaci\u00f3n1.jpg 960w\" sizes=\"auto, (max-width: 300px) 100vw, 300px\" \/><\/p>\n<p style=\"text-align: center;\">Gr\u00e0cies al suport de\u00a0l\u2019 Ajuntament de Cornell\u00e0 de Llobregat\u00a0hem pogut dur a terme el projecte \u00a0incorporant materials espec\u00edfics per desenvolupar aquesta tasca.<\/p>\n<p><a href=\"https:\/\/photos.app.goo.gl\/LDqcXY8FsA9NiZEp6\" target=\"_blank\" rel=\"noopener noreferrer\"><img loading=\"lazy\" decoding=\"async\" class=\"alignright wp-image-2118\" src=\"http:\/\/agora.xtec.cat\/ceip-ignasiiglesias-cornella\/wp-content\/uploads\/usu1592\/2018\/06\/IMG_20180611_101930-300x225.jpg\" alt=\"\" width=\"265\" height=\"199\" \/><\/a><a href=\"https:\/\/photos.app.goo.gl\/B2UZr8b9gsqFVB4c7\" target=\"_blank\" rel=\"noopener noreferrer\"><img loading=\"lazy\" decoding=\"async\" class=\"alignleft wp-image-2121\" src=\"http:\/\/agora.xtec.cat\/ceip-ignasiiglesias-cornella\/wp-content\/uploads\/usu1592\/2018\/06\/IMG_1817-300x225.jpg\" alt=\"\" width=\"257\" height=\"193\" \/><\/a><\/p>\n<p><img loading=\"lazy\" decoding=\"async\" class=\" wp-image-2126 aligncenter\" src=\"http:\/\/agora.xtec.cat\/ceip-ignasiiglesias-cornella\/wp-content\/uploads\/usu1592\/2018\/06\/ajuntament-cornella-300x108.png\" alt=\"\" width=\"264\" height=\"95\" srcset=\"https:\/\/agora.xtec.cat\/ceip-ignasiiglesias-cornella\/wp-content\/uploads\/usu1592\/2018\/06\/ajuntament-cornella-300x108.png 300w, https:\/\/agora.xtec.cat\/ceip-ignasiiglesias-cornella\/wp-content\/uploads\/usu1592\/2018\/06\/ajuntament-cornella-768x276.png 768w, https:\/\/agora.xtec.cat\/ceip-ignasiiglesias-cornella\/wp-content\/uploads\/usu1592\/2018\/06\/ajuntament-cornella.png 810w\" sizes=\"auto, (max-width: 264px) 100vw, 264px\" \/><\/p>\n","protected":false},"excerpt":{"rendered":"<p>A l\u2019 escola treballem per a l\u2019 assoliment de les diferents compet\u00e8ncies dels infants. Creiem que treballar-les de manera interdisciplin\u00e0ria refor\u00e7a la seva adquisici\u00f3. Per aix\u00f2, enguany hem iniciat un projecte que pret\u00e9n potenciar el proc\u00e9s de lecto-escriptura\u00a0de les nenes i nens de Cicle Inicial&hellip;  <a href=\"https:\/\/agora.xtec.cat\/ceip-ignasiiglesias-cornella\/general\/les-nostres-tradicions\/\" title=\"Read LES NOSTRES TRADICIONS\">Llegeix m\u00e9s\u00bb<\/a><\/p>\n","protected":false},"author":4,"featured_media":2125,"comment_status":"open","ping_status":"closed","sticky":false,"template":"","format":"standard","meta":{"_bbp_topic_count":0,"_bbp_reply_count":0,"_bbp_total_topic_count":0,"_bbp_total_reply_count":0,"_bbp_voice_count":0,"_bbp_anonymous_reply_count":0,"_bbp_topic_count_hidden":0,"_bbp_reply_count_hidden":0,"_bbp_forum_subforum_count":0,"footnotes":""},"categories":[10,1,4,5],"tags":[363,89,424,426,252,425],"class_list":["post-2112","post","type-post","status-publish","format-standard","has-post-thumbnail","hentry","category-cicle-inicial","category-general","category-portada","category-primaria","tag-bastons","tag-contes","tag-ime","tag-populars","tag-projecte","tag-tradicions"],"post_mailing_queue_ids":[],"_links":{"self":[{"href":"https:\/\/agora.xtec.cat\/ceip-ignasiiglesias-cornella\/wp-json\/wp\/v2\/posts\/2112","targetHints":{"allow":["GET"]}}],"collection":[{"href":"https:\/\/agora.xtec.cat\/ceip-ignasiiglesias-cornella\/wp-json\/wp\/v2\/posts"}],"about":[{"href":"https:\/\/agora.xtec.cat\/ceip-ignasiiglesias-cornella\/wp-json\/wp\/v2\/types\/post"}],"author":[{"embeddable":true,"href":"https:\/\/agora.xtec.cat\/ceip-ignasiiglesias-cornella\/wp-json\/wp\/v2\/users\/4"}],"replies":[{"embeddable":true,"href":"https:\/\/agora.xtec.cat\/ceip-ignasiiglesias-cornella\/wp-json\/wp\/v2\/comments?post=2112"}],"version-history":[{"count":3,"href":"https:\/\/agora.xtec.cat\/ceip-ignasiiglesias-cornella\/wp-json\/wp\/v2\/posts\/2112\/revisions"}],"predecessor-version":[{"id":2129,"href":"https:\/\/agora.xtec.cat\/ceip-ignasiiglesias-cornella\/wp-json\/wp\/v2\/posts\/2112\/revisions\/2129"}],"wp:featuredmedia":[{"embeddable":true,"href":"https:\/\/agora.xtec.cat\/ceip-ignasiiglesias-cornella\/wp-json\/wp\/v2\/media\/2125"}],"wp:attachment":[{"href":"https:\/\/agora.xtec.cat\/ceip-ignasiiglesias-cornella\/wp-json\/wp\/v2\/media?parent=2112"}],"wp:term":[{"taxonomy":"category","embeddable":true,"href":"https:\/\/agora.xtec.cat\/ceip-ignasiiglesias-cornella\/wp-json\/wp\/v2\/categories?post=2112"},{"taxonomy":"post_tag","embeddable":true,"href":"https:\/\/agora.xtec.cat\/ceip-ignasiiglesias-cornella\/wp-json\/wp\/v2\/tags?post=2112"}],"curies":[{"name":"wp","href":"https:\/\/api.w.org\/{rel}","templated":true}]}}