{"id":2088,"date":"2018-06-06T20:52:19","date_gmt":"2018-06-06T18:52:19","guid":{"rendered":"http:\/\/agora.xtec.cat\/ceip-ignasiiglesias-cornella\/?p=2088"},"modified":"2018-06-06T20:52:19","modified_gmt":"2018-06-06T18:52:19","slug":"p5-minimons-i-mandales","status":"publish","type":"post","link":"https:\/\/agora.xtec.cat\/ceip-ignasiiglesias-cornella\/infantil\/p5-minimons-i-mandales\/","title":{"rendered":"P5. Minimons i mandales"},"content":{"rendered":"<p>Al llarg del curs, ens ha acompanyat l&#8217;espai de minimons, un espai de creaci\u00f3 i imaginaci\u00f3 de petits mons fets amb miniatures que desperten molt la curiositat dels m\u00e9s petits. \u00c9s un espai que ens agrada molt i on cada vegada gaudim m\u00e9s.<\/p>\n<p>Mireu alguns dels minimons que hem anat creant durant tot el curs.<\/p>\n<p><a href=\"https:\/\/photos.app.goo.gl\/BYnbkidkSki1HJpA2\"><img loading=\"lazy\" decoding=\"async\" class=\"alignnone size-medium wp-image-2089\" src=\"http:\/\/agora.xtec.cat\/ceip-ignasiiglesias-cornella\/wp-content\/uploads\/usu1592\/2018\/06\/IMG_5283-300x225.jpg\" alt=\"\" width=\"300\" height=\"225\" srcset=\"https:\/\/agora.xtec.cat\/ceip-ignasiiglesias-cornella\/wp-content\/uploads\/usu1592\/2018\/06\/IMG_5283-300x225.jpg 300w, https:\/\/agora.xtec.cat\/ceip-ignasiiglesias-cornella\/wp-content\/uploads\/usu1592\/2018\/06\/IMG_5283-768x576.jpg 768w, https:\/\/agora.xtec.cat\/ceip-ignasiiglesias-cornella\/wp-content\/uploads\/usu1592\/2018\/06\/IMG_5283-200x150.jpg 200w, https:\/\/agora.xtec.cat\/ceip-ignasiiglesias-cornella\/wp-content\/uploads\/usu1592\/2018\/06\/IMG_5283.jpg 1004w\" sizes=\"auto, (max-width: 300px) 100vw, 300px\" \/><\/a><\/p>\n","protected":false},"excerpt":{"rendered":"<p>Al llarg del curs, ens ha acompanyat l&#8217;espai de minimons, un espai de creaci\u00f3 i imaginaci\u00f3 de petits mons fets amb miniatures que desperten molt la curiositat dels m\u00e9s petits. \u00c9s un espai que ens agrada molt i on cada vegada gaudim m\u00e9s.<br \/>\nMireu alguns dels&hellip;  <a href=\"https:\/\/agora.xtec.cat\/ceip-ignasiiglesias-cornella\/infantil\/p5-minimons-i-mandales\/\" title=\"Read P5. Minimons i mandales\">Llegeix m\u00e9s\u00bb<\/a><\/p>\n","protected":false},"author":1,"featured_media":2089,"comment_status":"open","ping_status":"closed","sticky":false,"template":"","format":"standard","meta":{"_bbp_topic_count":0,"_bbp_reply_count":0,"_bbp_total_topic_count":0,"_bbp_total_reply_count":0,"_bbp_voice_count":0,"_bbp_anonymous_reply_count":0,"_bbp_topic_count_hidden":0,"_bbp_reply_count_hidden":0,"_bbp_forum_subforum_count":0,"footnotes":""},"categories":[2,9],"tags":[85,412,411,86],"class_list":["post-2088","post","type-post","status-publish","format-standard","has-post-thumbnail","hentry","category-infantil","category-p5","tag-infantil","tag-mandales","tag-minimons","tag-p5"],"post_mailing_queue_ids":[],"_links":{"self":[{"href":"https:\/\/agora.xtec.cat\/ceip-ignasiiglesias-cornella\/wp-json\/wp\/v2\/posts\/2088","targetHints":{"allow":["GET"]}}],"collection":[{"href":"https:\/\/agora.xtec.cat\/ceip-ignasiiglesias-cornella\/wp-json\/wp\/v2\/posts"}],"about":[{"href":"https:\/\/agora.xtec.cat\/ceip-ignasiiglesias-cornella\/wp-json\/wp\/v2\/types\/post"}],"author":[{"embeddable":true,"href":"https:\/\/agora.xtec.cat\/ceip-ignasiiglesias-cornella\/wp-json\/wp\/v2\/users\/1"}],"replies":[{"embeddable":true,"href":"https:\/\/agora.xtec.cat\/ceip-ignasiiglesias-cornella\/wp-json\/wp\/v2\/comments?post=2088"}],"version-history":[{"count":1,"href":"https:\/\/agora.xtec.cat\/ceip-ignasiiglesias-cornella\/wp-json\/wp\/v2\/posts\/2088\/revisions"}],"predecessor-version":[{"id":2090,"href":"https:\/\/agora.xtec.cat\/ceip-ignasiiglesias-cornella\/wp-json\/wp\/v2\/posts\/2088\/revisions\/2090"}],"wp:featuredmedia":[{"embeddable":true,"href":"https:\/\/agora.xtec.cat\/ceip-ignasiiglesias-cornella\/wp-json\/wp\/v2\/media\/2089"}],"wp:attachment":[{"href":"https:\/\/agora.xtec.cat\/ceip-ignasiiglesias-cornella\/wp-json\/wp\/v2\/media?parent=2088"}],"wp:term":[{"taxonomy":"category","embeddable":true,"href":"https:\/\/agora.xtec.cat\/ceip-ignasiiglesias-cornella\/wp-json\/wp\/v2\/categories?post=2088"},{"taxonomy":"post_tag","embeddable":true,"href":"https:\/\/agora.xtec.cat\/ceip-ignasiiglesias-cornella\/wp-json\/wp\/v2\/tags?post=2088"}],"curies":[{"name":"wp","href":"https:\/\/api.w.org\/{rel}","templated":true}]}}