{"id":2066,"date":"2018-05-28T10:51:43","date_gmt":"2018-05-28T08:51:43","guid":{"rendered":"http:\/\/agora.xtec.cat\/ceip-ignasiiglesias-cornella\/?p=2066"},"modified":"2018-05-28T10:51:43","modified_gmt":"2018-05-28T08:51:43","slug":"5e-cantania","status":"publish","type":"post","link":"https:\/\/agora.xtec.cat\/ceip-ignasiiglesias-cornella\/portada\/5e-cantania\/","title":{"rendered":"5\u00e8. Cant\u00e0nia"},"content":{"rendered":"<p>El passat dijous 24 de maig els nens i nenes de 5\u00e8 vam anar a l&#8217;Auditori de Barcelona a fer la Cant\u00e0nia. Enguany el t\u00edtol era &#8220;part\u00edcules&#8221; i tractava sobre l&#8217; origen de l&#8217; univers. Ja fa temps que prepar\u00e0vem les can\u00e7ons, les danses i el vestuari a l&#8217;escola i per fi hem pogut mostrar el resultat de tan d&#8217;esfor\u00e7.<\/p>\n<p>Aqu\u00ed teniu un petit recull de les imatges abans d&#8217; entrar i durant l&#8217;assaig general. Aviat anirem penjant les fotos i els v\u00eddeos que ens facin arribar les fam\u00edlies.<\/p>\n<p>Moltes felicitats nenes i nenes de 5\u00e8, va sortir genial!<\/p>\n<p><a href=\"https:\/\/photos.app.goo.gl\/VVNZvpR16ho4RrMR2\" target=\"_blank\" rel=\"noopener noreferrer\"><img loading=\"lazy\" decoding=\"async\" class=\"aligncenter wp-image-2067 size-medium\" src=\"http:\/\/agora.xtec.cat\/ceip-ignasiiglesias-cornella\/wp-content\/uploads\/usu1592\/2018\/05\/IMG-20180528-WA0014-300x137.jpg\" alt=\"\" width=\"300\" height=\"137\" \/><\/a><\/p>\n<p>&nbsp;<\/p>\n","protected":false},"excerpt":{"rendered":"<p>El passat dijous 24 de maig els nens i nenes de 5\u00e8 vam anar a l&#8217;Auditori de Barcelona a fer la Cant\u00e0nia. Enguany el t\u00edtol era &#8220;part\u00edcules&#8221; i tractava sobre l&#8217; origen de l&#8217; univers. Ja fa temps que prepar\u00e0vem les can\u00e7ons, les danses i&hellip;  <a href=\"https:\/\/agora.xtec.cat\/ceip-ignasiiglesias-cornella\/portada\/5e-cantania\/\" title=\"Read 5\u00e8. Cant\u00e0nia\">Llegeix m\u00e9s\u00bb<\/a><\/p>\n","protected":false},"author":4,"featured_media":0,"comment_status":"open","ping_status":"closed","sticky":false,"template":"","format":"standard","meta":{"_bbp_topic_count":0,"_bbp_reply_count":0,"_bbp_total_topic_count":0,"_bbp_total_reply_count":0,"_bbp_voice_count":0,"_bbp_anonymous_reply_count":0,"_bbp_topic_count_hidden":0,"_bbp_reply_count_hidden":0,"_bbp_forum_subforum_count":0,"footnotes":""},"categories":[14,72,4],"tags":[119,281,114,282],"class_list":["post-2066","post","type-post","status-publish","format-standard","hentry","category-cicle-superior","category-musica","category-portada","tag-5e","tag-cantania","tag-musica-harmonica-5e","tag-particules"],"post_mailing_queue_ids":[],"_links":{"self":[{"href":"https:\/\/agora.xtec.cat\/ceip-ignasiiglesias-cornella\/wp-json\/wp\/v2\/posts\/2066","targetHints":{"allow":["GET"]}}],"collection":[{"href":"https:\/\/agora.xtec.cat\/ceip-ignasiiglesias-cornella\/wp-json\/wp\/v2\/posts"}],"about":[{"href":"https:\/\/agora.xtec.cat\/ceip-ignasiiglesias-cornella\/wp-json\/wp\/v2\/types\/post"}],"author":[{"embeddable":true,"href":"https:\/\/agora.xtec.cat\/ceip-ignasiiglesias-cornella\/wp-json\/wp\/v2\/users\/4"}],"replies":[{"embeddable":true,"href":"https:\/\/agora.xtec.cat\/ceip-ignasiiglesias-cornella\/wp-json\/wp\/v2\/comments?post=2066"}],"version-history":[{"count":1,"href":"https:\/\/agora.xtec.cat\/ceip-ignasiiglesias-cornella\/wp-json\/wp\/v2\/posts\/2066\/revisions"}],"predecessor-version":[{"id":2068,"href":"https:\/\/agora.xtec.cat\/ceip-ignasiiglesias-cornella\/wp-json\/wp\/v2\/posts\/2066\/revisions\/2068"}],"wp:attachment":[{"href":"https:\/\/agora.xtec.cat\/ceip-ignasiiglesias-cornella\/wp-json\/wp\/v2\/media?parent=2066"}],"wp:term":[{"taxonomy":"category","embeddable":true,"href":"https:\/\/agora.xtec.cat\/ceip-ignasiiglesias-cornella\/wp-json\/wp\/v2\/categories?post=2066"},{"taxonomy":"post_tag","embeddable":true,"href":"https:\/\/agora.xtec.cat\/ceip-ignasiiglesias-cornella\/wp-json\/wp\/v2\/tags?post=2066"}],"curies":[{"name":"wp","href":"https:\/\/api.w.org\/{rel}","templated":true}]}}