{"id":2027,"date":"2018-05-23T14:28:19","date_gmt":"2018-05-23T12:28:19","guid":{"rendered":"http:\/\/agora.xtec.cat\/ceip-ignasiiglesias-cornella\/?p=2027"},"modified":"2018-05-23T14:30:18","modified_gmt":"2018-05-23T12:30:18","slug":"3r-coneguem-el-mar","status":"publish","type":"post","link":"https:\/\/agora.xtec.cat\/ceip-ignasiiglesias-cornella\/portada\/3r-coneguem-el-mar\/","title":{"rendered":"3r. Coneguem el mar"},"content":{"rendered":"<p>Aqu\u00ed teniu les fotos de la sortida &#8220;Coneguem el Mar&#8221; que vam fer els nens i nenes de 3r el passat 10 de maig.<\/p>\n<p>A la platja de Sitges vam fer recerca de restes d&#8217; animals marins com: clo\u00efsses, cargols punxencs, cargols lluna, rossellones&#8230;<\/p>\n<p>Tamb\u00e9 vam anar al port de Vilanova on ens van ensenyar les diferents t\u00e8cniques de pesca que utilitzen els pescadors: pesca d&#8217; arrossegament, palangres, pesca amb nanses, pesca de c\u00e8rcol&#8230; despr\u00e9s vam entrar a la Llotja on es\u00a0ven\u00a0el peix als compradors.<\/p>\n<p>I per distreure&#8217;ns una mica, al parc de Terramar de Sitges.<\/p>\n<p><a href=\"https:\/\/photos.app.goo.gl\/bw643pCWkIRrymvn1\" target=\"_blank\" rel=\"noopener noreferrer\"><img loading=\"lazy\" decoding=\"async\" class=\"aligncenter wp-image-2028 size-medium\" src=\"http:\/\/agora.xtec.cat\/ceip-ignasiiglesias-cornella\/wp-content\/uploads\/usu1592\/2018\/05\/IMG_0819-300x225.jpg\" alt=\"\" width=\"300\" height=\"225\" srcset=\"https:\/\/agora.xtec.cat\/ceip-ignasiiglesias-cornella\/wp-content\/uploads\/usu1592\/2018\/05\/IMG_0819-300x225.jpg 300w, https:\/\/agora.xtec.cat\/ceip-ignasiiglesias-cornella\/wp-content\/uploads\/usu1592\/2018\/05\/IMG_0819-200x150.jpg 200w, https:\/\/agora.xtec.cat\/ceip-ignasiiglesias-cornella\/wp-content\/uploads\/usu1592\/2018\/05\/IMG_0819.jpg 461w\" sizes=\"auto, (max-width: 300px) 100vw, 300px\" \/><\/a><\/p>\n","protected":false},"excerpt":{"rendered":"<p>Aqu\u00ed teniu les fotos de la sortida &#8220;Coneguem el Mar&#8221; que vam fer els nens i nenes de 3r el passat 10 de maig.<br \/>\nA la platja de Sitges vam fer recerca de restes d&#8217; animals marins com: clo\u00efsses, cargols punxencs, cargols lluna, rossellones&#8230;<br \/>\nTamb\u00e9 vam anar&hellip;  <a href=\"https:\/\/agora.xtec.cat\/ceip-ignasiiglesias-cornella\/portada\/3r-coneguem-el-mar\/\" title=\"Read 3r. Coneguem el mar\">Llegeix m\u00e9s\u00bb<\/a><\/p>\n","protected":false},"author":4,"featured_media":2028,"comment_status":"open","ping_status":"closed","sticky":false,"template":"","format":"standard","meta":{"_bbp_topic_count":0,"_bbp_reply_count":0,"_bbp_total_topic_count":0,"_bbp_total_reply_count":0,"_bbp_voice_count":0,"_bbp_anonymous_reply_count":0,"_bbp_topic_count_hidden":0,"_bbp_reply_count_hidden":0,"_bbp_forum_subforum_count":0,"footnotes":""},"categories":[12,4,5],"tags":[398,401,402,298,399,400],"class_list":["post-2027","post","type-post","status-publish","format-standard","has-post-thumbnail","hentry","category-cicle-mitja","category-portada","category-primaria","tag-coneguem-el-mar","tag-llotja","tag-platja","tag-port","tag-sitges","tag-vilanova"],"post_mailing_queue_ids":[],"_links":{"self":[{"href":"https:\/\/agora.xtec.cat\/ceip-ignasiiglesias-cornella\/wp-json\/wp\/v2\/posts\/2027","targetHints":{"allow":["GET"]}}],"collection":[{"href":"https:\/\/agora.xtec.cat\/ceip-ignasiiglesias-cornella\/wp-json\/wp\/v2\/posts"}],"about":[{"href":"https:\/\/agora.xtec.cat\/ceip-ignasiiglesias-cornella\/wp-json\/wp\/v2\/types\/post"}],"author":[{"embeddable":true,"href":"https:\/\/agora.xtec.cat\/ceip-ignasiiglesias-cornella\/wp-json\/wp\/v2\/users\/4"}],"replies":[{"embeddable":true,"href":"https:\/\/agora.xtec.cat\/ceip-ignasiiglesias-cornella\/wp-json\/wp\/v2\/comments?post=2027"}],"version-history":[{"count":3,"href":"https:\/\/agora.xtec.cat\/ceip-ignasiiglesias-cornella\/wp-json\/wp\/v2\/posts\/2027\/revisions"}],"predecessor-version":[{"id":2031,"href":"https:\/\/agora.xtec.cat\/ceip-ignasiiglesias-cornella\/wp-json\/wp\/v2\/posts\/2027\/revisions\/2031"}],"wp:featuredmedia":[{"embeddable":true,"href":"https:\/\/agora.xtec.cat\/ceip-ignasiiglesias-cornella\/wp-json\/wp\/v2\/media\/2028"}],"wp:attachment":[{"href":"https:\/\/agora.xtec.cat\/ceip-ignasiiglesias-cornella\/wp-json\/wp\/v2\/media?parent=2027"}],"wp:term":[{"taxonomy":"category","embeddable":true,"href":"https:\/\/agora.xtec.cat\/ceip-ignasiiglesias-cornella\/wp-json\/wp\/v2\/categories?post=2027"},{"taxonomy":"post_tag","embeddable":true,"href":"https:\/\/agora.xtec.cat\/ceip-ignasiiglesias-cornella\/wp-json\/wp\/v2\/tags?post=2027"}],"curies":[{"name":"wp","href":"https:\/\/api.w.org\/{rel}","templated":true}]}}