{"id":1982,"date":"2018-05-14T13:38:39","date_gmt":"2018-05-14T11:38:39","guid":{"rendered":"http:\/\/agora.xtec.cat\/ceip-ignasiiglesias-cornella\/?p=1982"},"modified":"2018-05-14T13:38:39","modified_gmt":"2018-05-14T11:38:39","slug":"musica-a-p4-i-p5","status":"publish","type":"post","link":"https:\/\/agora.xtec.cat\/ceip-ignasiiglesias-cornella\/infantil\/p4\/musica-a-p4-i-p5\/","title":{"rendered":"M\u00fasica a P4 i P5"},"content":{"rendered":"<p>A P4 ens agrada molt ballar! Gaudim fent de germans grans, de germans petits i de pare o mare amb la m\u00fasica. Tamb\u00e9 ens agrada interpretar diversos animals com fem a la can\u00e7\u00f3 d&#8217;Aviram.<\/p>\n<p><a href=\"https:\/\/photos.app.goo.gl\/nsA08ZPD086qm0i93\" target=\"_blank\" rel=\"noopener noreferrer\"><img loading=\"lazy\" decoding=\"async\" class=\"aligncenter wp-image-1983 size-thumbnail\" src=\"http:\/\/agora.xtec.cat\/ceip-ignasiiglesias-cornella\/wp-content\/uploads\/usu1592\/2018\/05\/38fdc18796e85d97463f2fcecd5d2de0-150x150.png\" alt=\"\" width=\"150\" height=\"150\" \/><\/a><\/p>\n<p>A P5 ens ho hem passat molt b\u00e9 amb la can\u00e7\u00f3 de les pedretes. I ens agrada tocar la pulsaci\u00f3 amb instruments de percussi\u00f3.<\/p>\n<p><a href=\"https:\/\/photos.app.goo.gl\/nxpRxpYHbVAyk2M12\" target=\"_blank\" rel=\"noopener noreferrer\"><img loading=\"lazy\" decoding=\"async\" class=\"aligncenter wp-image-1984 size-thumbnail\" src=\"http:\/\/agora.xtec.cat\/ceip-ignasiiglesias-cornella\/wp-content\/uploads\/usu1592\/2018\/05\/depositphotos_98615564-stock-illustration-children-singing-songs-colorful-cartoon-150x150.jpg\" alt=\"\" width=\"150\" height=\"150\" \/><\/a><\/p>\n","protected":false},"excerpt":{"rendered":"<p>A P4 ens agrada molt ballar! Gaudim fent de germans grans, de germans petits i de pare o mare amb la m\u00fasica. Tamb\u00e9 ens agrada interpretar diversos animals com fem a la can\u00e7\u00f3 d&#8217;Aviram.<br \/>\n<a href=\"https:\/\/photos.app.goo.gl\/nsA08ZPD086qm0i93\" target=\"_blank\" rel=\"noopener noreferrer\"><\/a><br \/>\nA P5 ens ho hem passat molt b\u00e9&hellip;  <a href=\"https:\/\/agora.xtec.cat\/ceip-ignasiiglesias-cornella\/infantil\/p4\/musica-a-p4-i-p5\/\" title=\"Read M\u00fasica a P4 i P5\">Llegeix m\u00e9s\u00bb<\/a><\/p>\n","protected":false},"author":4,"featured_media":1984,"comment_status":"closed","ping_status":"closed","sticky":false,"template":"","format":"standard","meta":{"_bbp_topic_count":0,"_bbp_reply_count":0,"_bbp_total_topic_count":0,"_bbp_total_reply_count":0,"_bbp_voice_count":0,"_bbp_anonymous_reply_count":0,"_bbp_topic_count_hidden":0,"_bbp_reply_count_hidden":0,"_bbp_forum_subforum_count":0,"footnotes":""},"categories":[72,8,9],"tags":[386,79,387,114,93,86,385],"class_list":["post-1982","post","type-post","status-publish","format-standard","has-post-thumbnail","hentry","category-musica","category-p4","category-p5","tag-aviram","tag-canco","tag-joc-de-pares-i-mares","tag-musica-harmonica-5e","tag-p4","tag-p5","tag-pedretes"],"post_mailing_queue_ids":[],"_links":{"self":[{"href":"https:\/\/agora.xtec.cat\/ceip-ignasiiglesias-cornella\/wp-json\/wp\/v2\/posts\/1982","targetHints":{"allow":["GET"]}}],"collection":[{"href":"https:\/\/agora.xtec.cat\/ceip-ignasiiglesias-cornella\/wp-json\/wp\/v2\/posts"}],"about":[{"href":"https:\/\/agora.xtec.cat\/ceip-ignasiiglesias-cornella\/wp-json\/wp\/v2\/types\/post"}],"author":[{"embeddable":true,"href":"https:\/\/agora.xtec.cat\/ceip-ignasiiglesias-cornella\/wp-json\/wp\/v2\/users\/4"}],"replies":[{"embeddable":true,"href":"https:\/\/agora.xtec.cat\/ceip-ignasiiglesias-cornella\/wp-json\/wp\/v2\/comments?post=1982"}],"version-history":[{"count":1,"href":"https:\/\/agora.xtec.cat\/ceip-ignasiiglesias-cornella\/wp-json\/wp\/v2\/posts\/1982\/revisions"}],"predecessor-version":[{"id":1985,"href":"https:\/\/agora.xtec.cat\/ceip-ignasiiglesias-cornella\/wp-json\/wp\/v2\/posts\/1982\/revisions\/1985"}],"wp:featuredmedia":[{"embeddable":true,"href":"https:\/\/agora.xtec.cat\/ceip-ignasiiglesias-cornella\/wp-json\/wp\/v2\/media\/1984"}],"wp:attachment":[{"href":"https:\/\/agora.xtec.cat\/ceip-ignasiiglesias-cornella\/wp-json\/wp\/v2\/media?parent=1982"}],"wp:term":[{"taxonomy":"category","embeddable":true,"href":"https:\/\/agora.xtec.cat\/ceip-ignasiiglesias-cornella\/wp-json\/wp\/v2\/categories?post=1982"},{"taxonomy":"post_tag","embeddable":true,"href":"https:\/\/agora.xtec.cat\/ceip-ignasiiglesias-cornella\/wp-json\/wp\/v2\/tags?post=1982"}],"curies":[{"name":"wp","href":"https:\/\/api.w.org\/{rel}","templated":true}]}}