{"id":1971,"date":"2018-05-11T20:59:17","date_gmt":"2018-05-11T18:59:17","guid":{"rendered":"http:\/\/agora.xtec.cat\/ceip-ignasiiglesias-cornella\/?p=1971"},"modified":"2018-05-11T20:59:17","modified_gmt":"2018-05-11T18:59:17","slug":"p5-espectacle-de-ball","status":"publish","type":"post","link":"https:\/\/agora.xtec.cat\/ceip-ignasiiglesias-cornella\/infantil\/p5-espectacle-de-ball\/","title":{"rendered":"P5. Espectacle de ball"},"content":{"rendered":"<p>Aprofitant que som la classe dels ballarins i ballarines i que el nostre inter\u00e8s era poder veure ballar a ballarins les diferents modalitats que m\u00e9s ens agraden, vam convidar a una mestra de l&#8217;escola, que balla flamenc, i a les seves amigues, que ballen hip hop i ball cl\u00e0ssic, a l&#8217;escola per fer un espectacle. Ha estat molt emocionant poder veure en directe aquests balls, ho hem gaudit molt!<\/p>\n<p>Des d&#8217;aqu\u00ed volem donar les gr\u00e0cies a la M\u00aa Carmen Gallardo, mestra d&#8217;educaci\u00f3 especial que s&#8217;ha prestat a ajudar-nos i ha organitzat l&#8217;espectacle per tots nosaltres. Tamb\u00e9 volem agra\u00efr a les seves companyes que han vingut a ballar-nos, ho han fet genial!<\/p>\n<p>Cliqueu a la foto i mireu tots els videos de les actuaciones i les fotos que ens hem fet.<\/p>\n<p><a href=\"https:\/\/photos.app.goo.gl\/CcDY8UDs4mZRYHTA3\"><img loading=\"lazy\" decoding=\"async\" class=\"alignnone size-medium wp-image-1972\" src=\"http:\/\/agora.xtec.cat\/ceip-ignasiiglesias-cornella\/wp-content\/uploads\/usu1592\/2018\/05\/IMG_7499-300x225.jpg\" alt=\"\" width=\"300\" height=\"225\" \/><\/a><\/p>\n","protected":false},"excerpt":{"rendered":"<p>Aprofitant que som la classe dels ballarins i ballarines i que el nostre inter\u00e8s era poder veure ballar a ballarins les diferents modalitats que m\u00e9s ens agraden, vam convidar a una mestra de l&#8217;escola, que balla flamenc, i a les seves amigues, que ballen hip&hellip;  <a href=\"https:\/\/agora.xtec.cat\/ceip-ignasiiglesias-cornella\/infantil\/p5-espectacle-de-ball\/\" title=\"Read P5. Espectacle de ball\">Llegeix m\u00e9s\u00bb<\/a><\/p>\n","protected":false},"author":1,"featured_media":0,"comment_status":"open","ping_status":"closed","sticky":false,"template":"","format":"standard","meta":{"_bbp_topic_count":0,"_bbp_reply_count":0,"_bbp_total_topic_count":0,"_bbp_total_reply_count":0,"_bbp_voice_count":0,"_bbp_anonymous_reply_count":0,"_bbp_topic_count_hidden":0,"_bbp_reply_count_hidden":0,"_bbp_forum_subforum_count":0,"footnotes":""},"categories":[2,9,4],"tags":[374,88,377,375,376,378,85,86],"class_list":["post-1971","post","type-post","status-publish","format-standard","hentry","category-infantil","category-p5","category-portada","tag-ball","tag-ballarins","tag-ballet","tag-espectacle","tag-flamenc","tag-hiphop","tag-infantil","tag-p5"],"post_mailing_queue_ids":[],"_links":{"self":[{"href":"https:\/\/agora.xtec.cat\/ceip-ignasiiglesias-cornella\/wp-json\/wp\/v2\/posts\/1971","targetHints":{"allow":["GET"]}}],"collection":[{"href":"https:\/\/agora.xtec.cat\/ceip-ignasiiglesias-cornella\/wp-json\/wp\/v2\/posts"}],"about":[{"href":"https:\/\/agora.xtec.cat\/ceip-ignasiiglesias-cornella\/wp-json\/wp\/v2\/types\/post"}],"author":[{"embeddable":true,"href":"https:\/\/agora.xtec.cat\/ceip-ignasiiglesias-cornella\/wp-json\/wp\/v2\/users\/1"}],"replies":[{"embeddable":true,"href":"https:\/\/agora.xtec.cat\/ceip-ignasiiglesias-cornella\/wp-json\/wp\/v2\/comments?post=1971"}],"version-history":[{"count":1,"href":"https:\/\/agora.xtec.cat\/ceip-ignasiiglesias-cornella\/wp-json\/wp\/v2\/posts\/1971\/revisions"}],"predecessor-version":[{"id":1973,"href":"https:\/\/agora.xtec.cat\/ceip-ignasiiglesias-cornella\/wp-json\/wp\/v2\/posts\/1971\/revisions\/1973"}],"wp:attachment":[{"href":"https:\/\/agora.xtec.cat\/ceip-ignasiiglesias-cornella\/wp-json\/wp\/v2\/media?parent=1971"}],"wp:term":[{"taxonomy":"category","embeddable":true,"href":"https:\/\/agora.xtec.cat\/ceip-ignasiiglesias-cornella\/wp-json\/wp\/v2\/categories?post=1971"},{"taxonomy":"post_tag","embeddable":true,"href":"https:\/\/agora.xtec.cat\/ceip-ignasiiglesias-cornella\/wp-json\/wp\/v2\/tags?post=1971"}],"curies":[{"name":"wp","href":"https:\/\/api.w.org\/{rel}","templated":true}]}}