{"id":1928,"date":"2018-05-02T11:12:06","date_gmt":"2018-05-02T09:12:06","guid":{"rendered":"http:\/\/agora.xtec.cat\/ceip-ignasiiglesias-cornella\/?p=1928"},"modified":"2018-05-02T11:35:23","modified_gmt":"2018-05-02T09:35:23","slug":"3r-en-genis-porta-el-seu-oboe","status":"publish","type":"post","link":"https:\/\/agora.xtec.cat\/ceip-ignasiiglesias-cornella\/primaria\/3r-en-genis-porta-el-seu-oboe\/","title":{"rendered":"3r. En Gen\u00eds porta el seu obo\u00e8."},"content":{"rendered":"<p>En Gen\u00eds de 3r toca l&#8217; obo\u00e8 i l&#8217; ha dut a l&#8217;escola per ensenyar-lo als seus companys i companyes. Primer ens ha ensenyat com era l&#8217; obo\u00e8 desmuntat i quines passes ha de seguir cada cop que el toca: humitejar la canya en un got d&#8217; aigua, muntar les diferents parts del cos de l&#8217;instruments i finalment enganxar el tudell al cos.<\/p>\n<p>Ha passat per les taules dels companys perqu\u00e8 poguessin veure d&#8217;aprop l&#8217; instrument i, finalment, ens ha tocat un fragment d&#8217; una pe\u00e7a que est\u00e0 aprenent ara a classe d&#8217; obo\u00e8.<\/p>\n<p>Moltes gr\u00e0cies Gen\u00eds per aquesta audici\u00f3! Ens ha encantat.<\/p>\n<p><a href=\"https:\/\/photos.app.goo.gl\/2xulzRWlDKLdftUB2\" target=\"_blank\" rel=\"noopener noreferrer\"><img loading=\"lazy\" decoding=\"async\" class=\"aligncenter wp-image-1929 size-thumbnail\" src=\"http:\/\/agora.xtec.cat\/ceip-ignasiiglesias-cornella\/wp-content\/uploads\/usu1592\/2018\/05\/miniatura-150x150.jpg\" alt=\"\" width=\"150\" height=\"150\" \/><\/a><\/p>\n","protected":false},"excerpt":{"rendered":"<p>En Gen\u00eds de 3r toca l&#8217; obo\u00e8 i l&#8217; ha dut a l&#8217;escola per ensenyar-lo als seus companys i companyes. Primer ens ha ensenyat com era l&#8217; obo\u00e8 desmuntat i quines passes ha de seguir cada cop que el toca: humitejar la canya en un&hellip;  <a href=\"https:\/\/agora.xtec.cat\/ceip-ignasiiglesias-cornella\/primaria\/3r-en-genis-porta-el-seu-oboe\/\" title=\"Read 3r. En Gen\u00eds porta el seu obo\u00e8.\">Llegeix m\u00e9s\u00bb<\/a><\/p>\n","protected":false},"author":4,"featured_media":1929,"comment_status":"open","ping_status":"closed","sticky":false,"template":"","format":"standard","meta":{"_bbp_topic_count":0,"_bbp_reply_count":0,"_bbp_total_topic_count":0,"_bbp_total_reply_count":0,"_bbp_voice_count":0,"_bbp_anonymous_reply_count":0,"_bbp_topic_count_hidden":0,"_bbp_reply_count_hidden":0,"_bbp_forum_subforum_count":0,"footnotes":""},"categories":[12,72,5],"tags":[174,362,361],"class_list":["post-1928","post","type-post","status-publish","format-standard","has-post-thumbnail","hentry","category-cicle-mitja","category-musica","category-primaria","tag-3r","tag-audicio","tag-oboe"],"post_mailing_queue_ids":[],"_links":{"self":[{"href":"https:\/\/agora.xtec.cat\/ceip-ignasiiglesias-cornella\/wp-json\/wp\/v2\/posts\/1928","targetHints":{"allow":["GET"]}}],"collection":[{"href":"https:\/\/agora.xtec.cat\/ceip-ignasiiglesias-cornella\/wp-json\/wp\/v2\/posts"}],"about":[{"href":"https:\/\/agora.xtec.cat\/ceip-ignasiiglesias-cornella\/wp-json\/wp\/v2\/types\/post"}],"author":[{"embeddable":true,"href":"https:\/\/agora.xtec.cat\/ceip-ignasiiglesias-cornella\/wp-json\/wp\/v2\/users\/4"}],"replies":[{"embeddable":true,"href":"https:\/\/agora.xtec.cat\/ceip-ignasiiglesias-cornella\/wp-json\/wp\/v2\/comments?post=1928"}],"version-history":[{"count":2,"href":"https:\/\/agora.xtec.cat\/ceip-ignasiiglesias-cornella\/wp-json\/wp\/v2\/posts\/1928\/revisions"}],"predecessor-version":[{"id":1931,"href":"https:\/\/agora.xtec.cat\/ceip-ignasiiglesias-cornella\/wp-json\/wp\/v2\/posts\/1928\/revisions\/1931"}],"wp:featuredmedia":[{"embeddable":true,"href":"https:\/\/agora.xtec.cat\/ceip-ignasiiglesias-cornella\/wp-json\/wp\/v2\/media\/1929"}],"wp:attachment":[{"href":"https:\/\/agora.xtec.cat\/ceip-ignasiiglesias-cornella\/wp-json\/wp\/v2\/media?parent=1928"}],"wp:term":[{"taxonomy":"category","embeddable":true,"href":"https:\/\/agora.xtec.cat\/ceip-ignasiiglesias-cornella\/wp-json\/wp\/v2\/categories?post=1928"},{"taxonomy":"post_tag","embeddable":true,"href":"https:\/\/agora.xtec.cat\/ceip-ignasiiglesias-cornella\/wp-json\/wp\/v2\/tags?post=1928"}],"curies":[{"name":"wp","href":"https:\/\/api.w.org\/{rel}","templated":true}]}}