{"id":1925,"date":"2018-05-02T10:31:10","date_gmt":"2018-05-02T08:31:10","guid":{"rendered":"http:\/\/agora.xtec.cat\/ceip-ignasiiglesias-cornella\/?p=1925"},"modified":"2018-05-02T10:41:45","modified_gmt":"2018-05-02T08:41:45","slug":"4t-el-riu-al-seu-pas-per-cornella","status":"publish","type":"post","link":"https:\/\/agora.xtec.cat\/ceip-ignasiiglesias-cornella\/portada\/4t-el-riu-al-seu-pas-per-cornella\/","title":{"rendered":"4t. El riu al seu pas per Cornell\u00e0"},"content":{"rendered":"<p>Aqu\u00ed teniu les fotos de la sortida que vam fer al riu les nenes i els nens de 4tB. Primer vam elaborar un pl\u00e0nol de la zona ubicant-nos en l&#8217;espai amb una br\u00faixola. Despr\u00e9s, amb una guia d&#8217; imatges, vam localitzar la presencia d&#8217;alguns animals \u00a0a trav\u00e9s de les seves petjades i de la seva femta. Va ser una sortida molt interessant!<\/p>\n<p>Malauradament, els nens i nenes de 4tA no han fet encara aquesta sortida ja que s&#8217; ha anat ajornant per les pluges. Si finalment es du a terme, afegirem les fotografies pertinents a aquesta carpeta.<\/p>\n<p><a href=\"https:\/\/photos.app.goo.gl\/HYPWqgNuYQzPKDgi7\" target=\"_blank\" rel=\"noopener noreferrer\"><img loading=\"lazy\" decoding=\"async\" class=\"aligncenter wp-image-1923 size-thumbnail\" src=\"http:\/\/agora.xtec.cat\/ceip-ignasiiglesias-cornella\/wp-content\/uploads\/usu1592\/2017\/11\/IMG_0621-150x150.jpg\" alt=\"\" width=\"150\" height=\"150\" \/><\/a><\/p>\n","protected":false},"excerpt":{"rendered":"<p>Aqu\u00ed teniu les fotos de la sortida que vam fer al riu les nenes i els nens de 4tB. Primer vam elaborar un pl\u00e0nol de la zona ubicant-nos en l&#8217;espai amb una br\u00faixola. Despr\u00e9s, amb una guia d&#8217; imatges, vam localitzar la presencia d&#8217;alguns animals&hellip;  <a href=\"https:\/\/agora.xtec.cat\/ceip-ignasiiglesias-cornella\/portada\/4t-el-riu-al-seu-pas-per-cornella\/\" title=\"Read 4t. El riu al seu pas per Cornell\u00e0\">Llegeix m\u00e9s\u00bb<\/a><\/p>\n","protected":false},"author":4,"featured_media":0,"comment_status":"open","ping_status":"closed","sticky":false,"template":"","format":"standard","meta":{"_bbp_topic_count":0,"_bbp_reply_count":0,"_bbp_total_topic_count":0,"_bbp_total_reply_count":0,"_bbp_voice_count":0,"_bbp_anonymous_reply_count":0,"_bbp_topic_count_hidden":0,"_bbp_reply_count_hidden":0,"_bbp_forum_subforum_count":0,"footnotes":""},"categories":[12,4,5],"tags":[124,360,359],"class_list":["post-1925","post","type-post","status-publish","format-standard","hentry","category-cicle-mitja","category-portada","category-primaria","tag-4t","tag-llobregat","tag-riu"],"post_mailing_queue_ids":[],"_links":{"self":[{"href":"https:\/\/agora.xtec.cat\/ceip-ignasiiglesias-cornella\/wp-json\/wp\/v2\/posts\/1925","targetHints":{"allow":["GET"]}}],"collection":[{"href":"https:\/\/agora.xtec.cat\/ceip-ignasiiglesias-cornella\/wp-json\/wp\/v2\/posts"}],"about":[{"href":"https:\/\/agora.xtec.cat\/ceip-ignasiiglesias-cornella\/wp-json\/wp\/v2\/types\/post"}],"author":[{"embeddable":true,"href":"https:\/\/agora.xtec.cat\/ceip-ignasiiglesias-cornella\/wp-json\/wp\/v2\/users\/4"}],"replies":[{"embeddable":true,"href":"https:\/\/agora.xtec.cat\/ceip-ignasiiglesias-cornella\/wp-json\/wp\/v2\/comments?post=1925"}],"version-history":[{"count":2,"href":"https:\/\/agora.xtec.cat\/ceip-ignasiiglesias-cornella\/wp-json\/wp\/v2\/posts\/1925\/revisions"}],"predecessor-version":[{"id":1927,"href":"https:\/\/agora.xtec.cat\/ceip-ignasiiglesias-cornella\/wp-json\/wp\/v2\/posts\/1925\/revisions\/1927"}],"wp:attachment":[{"href":"https:\/\/agora.xtec.cat\/ceip-ignasiiglesias-cornella\/wp-json\/wp\/v2\/media?parent=1925"}],"wp:term":[{"taxonomy":"category","embeddable":true,"href":"https:\/\/agora.xtec.cat\/ceip-ignasiiglesias-cornella\/wp-json\/wp\/v2\/categories?post=1925"},{"taxonomy":"post_tag","embeddable":true,"href":"https:\/\/agora.xtec.cat\/ceip-ignasiiglesias-cornella\/wp-json\/wp\/v2\/tags?post=1925"}],"curies":[{"name":"wp","href":"https:\/\/api.w.org\/{rel}","templated":true}]}}