{"id":1894,"date":"2018-04-24T20:45:08","date_gmt":"2018-04-24T18:45:08","guid":{"rendered":"http:\/\/agora.xtec.cat\/ceip-ignasiiglesias-cornella\/?p=1894"},"modified":"2018-04-24T20:45:08","modified_gmt":"2018-04-24T18:45:08","slug":"sant-jordi-2018","status":"publish","type":"post","link":"https:\/\/agora.xtec.cat\/ceip-ignasiiglesias-cornella\/infantil\/sant-jordi-2018\/","title":{"rendered":"Sant Jordi 2018"},"content":{"rendered":"<p>Ahir vam celebrar Sant Jordi a l&#8217;escola fent un munt de tallers durant tot el mat\u00ed i ens ho vam passar pipa! A m\u00e9s, a la tarda per commemorar el dia del llibre, la S\u00f2nia, mare de la Candela i la Carmen, mare de l&#8217;Alejandra, ens van venir a explicar contes a l&#8217;aula. Des d&#8217;aqu\u00ed volem agra\u00efr la vostra col\u00b7laboraci\u00f3 perqu\u00e8 ho vam gaudir molt.<\/p>\n<p>Entreu i cliqueu a la imatge per veure les fotos.<\/p>\n<p><a href=\"https:\/\/photos.app.goo.gl\/0YrwesabOyrVd4Lj2\"><img loading=\"lazy\" decoding=\"async\" class=\"alignnone size-medium wp-image-1900\" src=\"http:\/\/agora.xtec.cat\/ceip-ignasiiglesias-cornella\/wp-content\/uploads\/usu1592\/2018\/04\/DSC_0151-300x169.jpg\" alt=\"\" width=\"300\" height=\"169\" \/><\/a><\/p>\n","protected":false},"excerpt":{"rendered":"<p>Ahir vam celebrar Sant Jordi a l&#8217;escola fent un munt de tallers durant tot el mat\u00ed i ens ho vam passar pipa! A m\u00e9s, a la tarda per commemorar el dia del llibre, la S\u00f2nia, mare de la Candela i la Carmen, mare de l&#8217;Alejandra,&hellip;  <a href=\"https:\/\/agora.xtec.cat\/ceip-ignasiiglesias-cornella\/infantil\/sant-jordi-2018\/\" title=\"Read Sant Jordi 2018\">Llegeix m\u00e9s\u00bb<\/a><\/p>\n","protected":false},"author":1,"featured_media":0,"comment_status":"open","ping_status":"closed","sticky":false,"template":"","format":"standard","meta":{"_bbp_topic_count":0,"_bbp_reply_count":0,"_bbp_total_topic_count":0,"_bbp_total_reply_count":0,"_bbp_voice_count":0,"_bbp_anonymous_reply_count":0,"_bbp_topic_count_hidden":0,"_bbp_reply_count_hidden":0,"_bbp_forum_subforum_count":0,"footnotes":""},"categories":[2,9],"tags":[88,89,85,86,87,350,164],"class_list":["post-1894","post","type-post","status-publish","format-standard","hentry","category-infantil","category-p5","tag-ballarins","tag-contes","tag-infantil","tag-p5","tag-policies","tag-santjordi","tag-tallers"],"post_mailing_queue_ids":[],"_links":{"self":[{"href":"https:\/\/agora.xtec.cat\/ceip-ignasiiglesias-cornella\/wp-json\/wp\/v2\/posts\/1894","targetHints":{"allow":["GET"]}}],"collection":[{"href":"https:\/\/agora.xtec.cat\/ceip-ignasiiglesias-cornella\/wp-json\/wp\/v2\/posts"}],"about":[{"href":"https:\/\/agora.xtec.cat\/ceip-ignasiiglesias-cornella\/wp-json\/wp\/v2\/types\/post"}],"author":[{"embeddable":true,"href":"https:\/\/agora.xtec.cat\/ceip-ignasiiglesias-cornella\/wp-json\/wp\/v2\/users\/1"}],"replies":[{"embeddable":true,"href":"https:\/\/agora.xtec.cat\/ceip-ignasiiglesias-cornella\/wp-json\/wp\/v2\/comments?post=1894"}],"version-history":[{"count":3,"href":"https:\/\/agora.xtec.cat\/ceip-ignasiiglesias-cornella\/wp-json\/wp\/v2\/posts\/1894\/revisions"}],"predecessor-version":[{"id":1901,"href":"https:\/\/agora.xtec.cat\/ceip-ignasiiglesias-cornella\/wp-json\/wp\/v2\/posts\/1894\/revisions\/1901"}],"wp:attachment":[{"href":"https:\/\/agora.xtec.cat\/ceip-ignasiiglesias-cornella\/wp-json\/wp\/v2\/media?parent=1894"}],"wp:term":[{"taxonomy":"category","embeddable":true,"href":"https:\/\/agora.xtec.cat\/ceip-ignasiiglesias-cornella\/wp-json\/wp\/v2\/categories?post=1894"},{"taxonomy":"post_tag","embeddable":true,"href":"https:\/\/agora.xtec.cat\/ceip-ignasiiglesias-cornella\/wp-json\/wp\/v2\/tags?post=1894"}],"curies":[{"name":"wp","href":"https:\/\/api.w.org\/{rel}","templated":true}]}}