{"id":1868,"date":"2018-04-13T14:20:08","date_gmt":"2018-04-13T12:20:08","guid":{"rendered":"http:\/\/agora.xtec.cat\/ceip-ignasiiglesias-cornella\/?p=1868"},"modified":"2018-04-13T14:22:55","modified_gmt":"2018-04-13T12:22:55","slug":"fem-conferencies-a-segon","status":"publish","type":"post","link":"https:\/\/agora.xtec.cat\/ceip-ignasiiglesias-cornella\/primaria\/fem-conferencies-a-segon\/","title":{"rendered":"FEM CONFER\u00c8NCIES A SEGON!"},"content":{"rendered":"<p>Els nens i nenes segon hem comen\u00e7at a fer petites confer\u00e8ncies, on cadasc\u00fa de nosaltres ens preparem un tema que volem compartir amb la resta dels companys\/es. Tot i que ens fa una mica de vergonya parlar davant de tot el grup, est\u00e0 sent molt interessant descobrir les inquietuds i aficions de tots nosaltres.<br \/>\nA 2n A, la J\u00falia ens ha explicat totes les curiositats de la superhero\u00efna Wonderwoman i amb la Noa hem apr\u00e8s moltes coses dels dofins.<\/p>\n<p><span style=\"font-family: inherit; font-size: 1em;\">A 2n B, ens han descobert dues ciutats molt interessants. La Martina s\u2019ha fet una experta de la ciutat de Val\u00e8ncia i l\u2019\u00c0lex, de Londres!<\/span><\/p>\n<p>Els felicitem a tots quatre perqu\u00e8 ho han fet s\u00faper b\u00e9!!<\/p>\n<p>&nbsp;<\/p>\n<p><img loading=\"lazy\" decoding=\"async\" class=\"wp-image-1871\" src=\"http:\/\/agora.xtec.cat\/ceip-ignasiiglesias-cornella\/wp-content\/uploads\/usu1592\/2018\/04\/J\u00falia-1-1024x767.jpg\" alt=\"\" width=\"359\" height=\"269\" \/><\/p>\n<p>&nbsp;<\/p>\n<p>&nbsp;<\/p>\n<p><a href=\"http:\/\/agora.xtec.cat\/ceip-ignasiiglesias-cornella\/wp-content\/uploads\/usu1592\/2018\/04\/Noa-1.jpg\"><img loading=\"lazy\" decoding=\"async\" class=\"wp-image-1872\" src=\"http:\/\/agora.xtec.cat\/ceip-ignasiiglesias-cornella\/wp-content\/uploads\/usu1592\/2018\/04\/Noa-1.jpg\" alt=\"\" width=\"362\" height=\"268\" \/><\/a><\/p>\n<p>&nbsp;<\/p>\n<p>&nbsp;<\/p>\n<p>&nbsp;<\/p>\n<p><a href=\"http:\/\/agora.xtec.cat\/ceip-ignasiiglesias-cornella\/wp-content\/uploads\/usu1592\/2018\/04\/\u00c0lex.jpg\"><img loading=\"lazy\" decoding=\"async\" class=\"wp-image-1873\" src=\"http:\/\/agora.xtec.cat\/ceip-ignasiiglesias-cornella\/wp-content\/uploads\/usu1592\/2018\/04\/\u00c0lex.jpg\" alt=\"\" width=\"357\" height=\"268\" \/><\/a><\/p>\n<p>&nbsp;<\/p>\n<p><a href=\"http:\/\/agora.xtec.cat\/ceip-ignasiiglesias-cornella\/wp-content\/uploads\/usu1592\/2018\/04\/Martina.jpg\"><img loading=\"lazy\" decoding=\"async\" class=\"wp-image-1874\" src=\"http:\/\/agora.xtec.cat\/ceip-ignasiiglesias-cornella\/wp-content\/uploads\/usu1592\/2018\/04\/Martina-1024x617.jpg\" alt=\"\" width=\"418\" height=\"252\" srcset=\"https:\/\/agora.xtec.cat\/ceip-ignasiiglesias-cornella\/wp-content\/uploads\/usu1592\/2018\/04\/Martina-1024x617.jpg 1024w, https:\/\/agora.xtec.cat\/ceip-ignasiiglesias-cornella\/wp-content\/uploads\/usu1592\/2018\/04\/Martina-300x181.jpg 300w, https:\/\/agora.xtec.cat\/ceip-ignasiiglesias-cornella\/wp-content\/uploads\/usu1592\/2018\/04\/Martina-768x463.jpg 768w\" sizes=\"auto, (max-width: 418px) 100vw, 418px\" \/><\/a><\/p>\n<p>&nbsp;<\/p>\n<p>&nbsp;<\/p>\n<p>&nbsp;<\/p>\n","protected":false},"excerpt":{"rendered":"<p>Els nens i nenes segon hem comen\u00e7at a fer petites confer\u00e8ncies, on cadasc\u00fa de nosaltres ens preparem un tema que volem compartir amb la resta dels companys\/es. Tot i que ens fa una mica de vergonya parlar davant de tot el grup, est\u00e0 sent molt&hellip;  <a href=\"https:\/\/agora.xtec.cat\/ceip-ignasiiglesias-cornella\/primaria\/fem-conferencies-a-segon\/\" title=\"Read FEM CONFER\u00c8NCIES A SEGON!\">Llegeix m\u00e9s\u00bb<\/a><\/p>\n","protected":false},"author":6,"featured_media":0,"comment_status":"open","ping_status":"closed","sticky":false,"template":"","format":"standard","meta":{"_bbp_topic_count":0,"_bbp_reply_count":0,"_bbp_total_topic_count":0,"_bbp_total_reply_count":0,"_bbp_voice_count":0,"_bbp_anonymous_reply_count":0,"_bbp_topic_count_hidden":0,"_bbp_reply_count_hidden":0,"_bbp_forum_subforum_count":0,"footnotes":""},"categories":[10,5],"tags":[340,339,341,344,125,101,343,342],"class_list":["post-1868","post","type-post","status-publish","format-standard","hentry","category-cicle-inicial","category-primaria","tag-aficions","tag-conferencies","tag-dofins","tag-londres","tag-primaria","tag-segon","tag-valencia","tag-wonderwoman"],"post_mailing_queue_ids":[],"_links":{"self":[{"href":"https:\/\/agora.xtec.cat\/ceip-ignasiiglesias-cornella\/wp-json\/wp\/v2\/posts\/1868","targetHints":{"allow":["GET"]}}],"collection":[{"href":"https:\/\/agora.xtec.cat\/ceip-ignasiiglesias-cornella\/wp-json\/wp\/v2\/posts"}],"about":[{"href":"https:\/\/agora.xtec.cat\/ceip-ignasiiglesias-cornella\/wp-json\/wp\/v2\/types\/post"}],"author":[{"embeddable":true,"href":"https:\/\/agora.xtec.cat\/ceip-ignasiiglesias-cornella\/wp-json\/wp\/v2\/users\/6"}],"replies":[{"embeddable":true,"href":"https:\/\/agora.xtec.cat\/ceip-ignasiiglesias-cornella\/wp-json\/wp\/v2\/comments?post=1868"}],"version-history":[{"count":3,"href":"https:\/\/agora.xtec.cat\/ceip-ignasiiglesias-cornella\/wp-json\/wp\/v2\/posts\/1868\/revisions"}],"predecessor-version":[{"id":1877,"href":"https:\/\/agora.xtec.cat\/ceip-ignasiiglesias-cornella\/wp-json\/wp\/v2\/posts\/1868\/revisions\/1877"}],"wp:attachment":[{"href":"https:\/\/agora.xtec.cat\/ceip-ignasiiglesias-cornella\/wp-json\/wp\/v2\/media?parent=1868"}],"wp:term":[{"taxonomy":"category","embeddable":true,"href":"https:\/\/agora.xtec.cat\/ceip-ignasiiglesias-cornella\/wp-json\/wp\/v2\/categories?post=1868"},{"taxonomy":"post_tag","embeddable":true,"href":"https:\/\/agora.xtec.cat\/ceip-ignasiiglesias-cornella\/wp-json\/wp\/v2\/tags?post=1868"}],"curies":[{"name":"wp","href":"https:\/\/api.w.org\/{rel}","templated":true}]}}