{"id":1856,"date":"2018-04-10T19:23:44","date_gmt":"2018-04-10T17:23:44","guid":{"rendered":"http:\/\/agora.xtec.cat\/ceip-ignasiiglesias-cornella\/?p=1856"},"modified":"2018-05-01T19:54:04","modified_gmt":"2018-05-01T17:54:04","slug":"preinscripcio","status":"publish","type":"post","link":"https:\/\/agora.xtec.cat\/ceip-ignasiiglesias-cornella\/portada\/preinscripcio\/","title":{"rendered":"PREINSCRIPCI\u00d3"},"content":{"rendered":"<h3><img loading=\"lazy\" decoding=\"async\" class=\"size-full wp-image-1860 aligncenter\" src=\"http:\/\/agora.xtec.cat\/ceip-ignasiiglesias-cornella\/wp-content\/uploads\/usu1592\/2018\/04\/preinscripcio_titol.jpg\" alt=\"\" width=\"494\" height=\"100\" srcset=\"https:\/\/agora.xtec.cat\/ceip-ignasiiglesias-cornella\/wp-content\/uploads\/usu1592\/2018\/04\/preinscripcio_titol.jpg 494w, https:\/\/agora.xtec.cat\/ceip-ignasiiglesias-cornella\/wp-content\/uploads\/usu1592\/2018\/04\/preinscripcio_titol-300x61.jpg 300w\" sizes=\"auto, (max-width: 494px) 100vw, 494px\" \/><\/h3>\n<h3 style=\"text-align: center;\">Del <strong>13 al 24 d&#8217;abril<\/strong> s&#8217;obre el periode de preinscripci\u00f3 per al curs 2018-2019.<\/h3>\n<p style=\"text-align: center;\">Consulteu <a href=\"https:\/\/drive.google.com\/file\/d\/0Bx1quZNROUGWTHpOZnN6dS0wYmxPREQtaFAwOWhKWGFmSWxB\/view?usp=sharing\">aqu\u00ed <\/a>la resoluci\u00f3 per la qual s&#8217;aproven les normes de preinscripci\u00f3 i matr\u00edcula.<\/p>\n","protected":false},"excerpt":{"rendered":"<p>Del 13 al 24 d&#8217;abril s&#8217;obre el periode de preinscripci\u00f3 per al curs 2018-2019.<br \/>\nConsulteu <a href=\"https:\/\/drive.google.com\/file\/d\/0Bx1quZNROUGWTHpOZnN6dS0wYmxPREQtaFAwOWhKWGFmSWxB\/view?usp=sharing\">aqu\u00ed <\/a>la resoluci\u00f3 per la qual s&#8217;aproven les normes de preinscripci\u00f3 i matr\u00edcula.<\/p>\n","protected":false},"author":1,"featured_media":0,"comment_status":"open","ping_status":"closed","sticky":false,"template":"","format":"standard","meta":{"_bbp_topic_count":0,"_bbp_reply_count":0,"_bbp_total_topic_count":0,"_bbp_total_reply_count":0,"_bbp_voice_count":0,"_bbp_anonymous_reply_count":0,"_bbp_topic_count_hidden":0,"_bbp_reply_count_hidden":0,"_bbp_forum_subforum_count":0,"footnotes":""},"categories":[4],"tags":[337,336],"class_list":["post-1856","post","type-post","status-publish","format-standard","hentry","category-portada","tag-matricula","tag-preinscripcio"],"post_mailing_queue_ids":[],"_links":{"self":[{"href":"https:\/\/agora.xtec.cat\/ceip-ignasiiglesias-cornella\/wp-json\/wp\/v2\/posts\/1856","targetHints":{"allow":["GET"]}}],"collection":[{"href":"https:\/\/agora.xtec.cat\/ceip-ignasiiglesias-cornella\/wp-json\/wp\/v2\/posts"}],"about":[{"href":"https:\/\/agora.xtec.cat\/ceip-ignasiiglesias-cornella\/wp-json\/wp\/v2\/types\/post"}],"author":[{"embeddable":true,"href":"https:\/\/agora.xtec.cat\/ceip-ignasiiglesias-cornella\/wp-json\/wp\/v2\/users\/1"}],"replies":[{"embeddable":true,"href":"https:\/\/agora.xtec.cat\/ceip-ignasiiglesias-cornella\/wp-json\/wp\/v2\/comments?post=1856"}],"version-history":[{"count":3,"href":"https:\/\/agora.xtec.cat\/ceip-ignasiiglesias-cornella\/wp-json\/wp\/v2\/posts\/1856\/revisions"}],"predecessor-version":[{"id":1861,"href":"https:\/\/agora.xtec.cat\/ceip-ignasiiglesias-cornella\/wp-json\/wp\/v2\/posts\/1856\/revisions\/1861"}],"wp:attachment":[{"href":"https:\/\/agora.xtec.cat\/ceip-ignasiiglesias-cornella\/wp-json\/wp\/v2\/media?parent=1856"}],"wp:term":[{"taxonomy":"category","embeddable":true,"href":"https:\/\/agora.xtec.cat\/ceip-ignasiiglesias-cornella\/wp-json\/wp\/v2\/categories?post=1856"},{"taxonomy":"post_tag","embeddable":true,"href":"https:\/\/agora.xtec.cat\/ceip-ignasiiglesias-cornella\/wp-json\/wp\/v2\/tags?post=1856"}],"curies":[{"name":"wp","href":"https:\/\/api.w.org\/{rel}","templated":true}]}}