{"id":1820,"date":"2018-03-24T18:55:46","date_gmt":"2018-03-24T17:55:46","guid":{"rendered":"http:\/\/agora.xtec.cat\/ceip-ignasiiglesias-cornella\/?p=1820"},"modified":"2018-03-24T18:55:56","modified_gmt":"2018-03-24T17:55:56","slug":"la-pedrera","status":"publish","type":"post","link":"https:\/\/agora.xtec.cat\/ceip-ignasiiglesias-cornella\/portada\/la-pedrera\/","title":{"rendered":"1r. La Pedrera"},"content":{"rendered":"<p>El dimecres 21 els nens i nenes de primer vam visitar La Pedrera. Ens vam convertir en uns aut\u00e8ntics exploradors buscant els secrets d&#8217;Antoni Gaud\u00ed. Clickeu a la foto per veure tot l&#8217;\u00e0lbum.<\/p>\n<p><a href=\"https:\/\/photos.app.goo.gl\/ilbjdemIJavnSm1Y2\"><img loading=\"lazy\" decoding=\"async\" class=\"size-full wp-image-1828 aligncenter\" src=\"http:\/\/agora.xtec.cat\/ceip-ignasiiglesias-cornella\/wp-content\/uploads\/usu1592\/2018\/03\/pedrera.jpg\" alt=\"\" width=\"640\" height=\"480\" \/><\/a><\/p>\n","protected":false},"excerpt":{"rendered":"<p>El dimecres 21 els nens i nenes de primer vam visitar La Pedrera. Ens vam convertir en uns aut\u00e8ntics exploradors buscant els secrets d&#8217;Antoni Gaud\u00ed. Clickeu a la foto per veure tot l&#8217;\u00e0lbum.<br \/>\n<a href=\"https:\/\/photos.app.goo.gl\/ilbjdemIJavnSm1Y2\"><\/a><\/p>\n","protected":false},"author":1,"featured_media":0,"comment_status":"open","ping_status":"closed","sticky":false,"template":"","format":"standard","meta":{"_bbp_topic_count":0,"_bbp_reply_count":0,"_bbp_total_topic_count":0,"_bbp_total_reply_count":0,"_bbp_voice_count":0,"_bbp_anonymous_reply_count":0,"_bbp_topic_count_hidden":0,"_bbp_reply_count_hidden":0,"_bbp_forum_subforum_count":0,"footnotes":""},"categories":[10,4,5],"tags":[330,310,332,331,329],"class_list":["post-1820","post","type-post","status-publish","format-standard","hentry","category-cicle-inicial","category-portada","category-primaria","tag-casamila","tag-cicleinicial","tag-exploradorsdelsseussecrets","tag-gaudi","tag-pedrera"],"post_mailing_queue_ids":[],"_links":{"self":[{"href":"https:\/\/agora.xtec.cat\/ceip-ignasiiglesias-cornella\/wp-json\/wp\/v2\/posts\/1820","targetHints":{"allow":["GET"]}}],"collection":[{"href":"https:\/\/agora.xtec.cat\/ceip-ignasiiglesias-cornella\/wp-json\/wp\/v2\/posts"}],"about":[{"href":"https:\/\/agora.xtec.cat\/ceip-ignasiiglesias-cornella\/wp-json\/wp\/v2\/types\/post"}],"author":[{"embeddable":true,"href":"https:\/\/agora.xtec.cat\/ceip-ignasiiglesias-cornella\/wp-json\/wp\/v2\/users\/1"}],"replies":[{"embeddable":true,"href":"https:\/\/agora.xtec.cat\/ceip-ignasiiglesias-cornella\/wp-json\/wp\/v2\/comments?post=1820"}],"version-history":[{"count":3,"href":"https:\/\/agora.xtec.cat\/ceip-ignasiiglesias-cornella\/wp-json\/wp\/v2\/posts\/1820\/revisions"}],"predecessor-version":[{"id":1837,"href":"https:\/\/agora.xtec.cat\/ceip-ignasiiglesias-cornella\/wp-json\/wp\/v2\/posts\/1820\/revisions\/1837"}],"wp:attachment":[{"href":"https:\/\/agora.xtec.cat\/ceip-ignasiiglesias-cornella\/wp-json\/wp\/v2\/media?parent=1820"}],"wp:term":[{"taxonomy":"category","embeddable":true,"href":"https:\/\/agora.xtec.cat\/ceip-ignasiiglesias-cornella\/wp-json\/wp\/v2\/categories?post=1820"},{"taxonomy":"post_tag","embeddable":true,"href":"https:\/\/agora.xtec.cat\/ceip-ignasiiglesias-cornella\/wp-json\/wp\/v2\/tags?post=1820"}],"curies":[{"name":"wp","href":"https:\/\/api.w.org\/{rel}","templated":true}]}}