{"id":1664,"date":"2018-02-21T17:42:57","date_gmt":"2018-02-21T16:42:57","guid":{"rendered":"http:\/\/agora.xtec.cat\/ceip-ignasiiglesias-cornella\/?p=1664"},"modified":"2018-02-21T17:42:57","modified_gmt":"2018-02-21T16:42:57","slug":"p5-reciclatge","status":"publish","type":"post","link":"https:\/\/agora.xtec.cat\/ceip-ignasiiglesias-cornella\/infantil\/p5-reciclatge\/","title":{"rendered":"P5. Reciclatge"},"content":{"rendered":"<p>Aqu\u00ed teniu un petit recull de la Unitat Did\u00e0ctica que ha realitzat la Sonia (mestra de pr\u00e0ctiques) al curs de P5 sobre el reciclatge. A trav\u00e9s d\u2019activitats molt experimentals els vostres infants han gaudit i han apr\u00e9s molts conceptes relacionats amb aquest tema.<\/p>\n<p>Tamb\u00e9 han pogut gaudir d\u2019uns materials ideats per la Silvia Vega, directora del centre i d\u2019un conte, les il\u00b7lustracions del qual s\u00f3n de la mestra Silvia Queralt. Aquesta activitat, el seu disseny i funci\u00f3 dels materials s\u2019emmarquen dins d\u2019una llic\u00e8ncia d\u2019estudis, atorgada l\u2019any 2007 pel Departament d\u2019educaci\u00f3 de l\u2019Ajuntament de Barcelona. Aqu\u00ed en teniu unes imatges d\u2019aquests materials dels quals parlem.<\/p>\n<p><img loading=\"lazy\" decoding=\"async\" class=\"size-medium wp-image-1665 alignnone\" src=\"http:\/\/agora.xtec.cat\/ceip-ignasiiglesias-cornella\/wp-content\/uploads\/usu1592\/2018\/02\/Sin-t\u00edtulo2-188x300.jpg\" alt=\"\" width=\"188\" height=\"300\" srcset=\"https:\/\/agora.xtec.cat\/ceip-ignasiiglesias-cornella\/wp-content\/uploads\/usu1592\/2018\/02\/Sin-t\u00edtulo2-188x300.jpg 188w, https:\/\/agora.xtec.cat\/ceip-ignasiiglesias-cornella\/wp-content\/uploads\/usu1592\/2018\/02\/Sin-t\u00edtulo2.jpg 222w\" sizes=\"auto, (max-width: 188px) 100vw, 188px\" \/><img loading=\"lazy\" decoding=\"async\" class=\"size-medium wp-image-1666 alignnone\" src=\"http:\/\/agora.xtec.cat\/ceip-ignasiiglesias-cornella\/wp-content\/uploads\/usu1592\/2018\/02\/Sin-t\u00edtulo-300x176.jpg\" alt=\"\" width=\"300\" height=\"176\" srcset=\"https:\/\/agora.xtec.cat\/ceip-ignasiiglesias-cornella\/wp-content\/uploads\/usu1592\/2018\/02\/Sin-t\u00edtulo-300x176.jpg 300w, https:\/\/agora.xtec.cat\/ceip-ignasiiglesias-cornella\/wp-content\/uploads\/usu1592\/2018\/02\/Sin-t\u00edtulo.jpg 313w\" sizes=\"auto, (max-width: 300px) 100vw, 300px\" \/><\/p>\n<p>A m\u00e9s tamb\u00e9 podeu gaudir d&#8217;aquest video que hem fet entre tots com a recull de totes les activitats que hem fet sobre el reciclatge. Esperem que ho gaudiu!<\/p>\n<p><iframe loading=\"lazy\" title=\"RECICLATGE P5\" width=\"500\" height=\"281\" src=\"https:\/\/www.youtube.com\/embed\/0P-KuUFaMJE?feature=oembed\" frameborder=\"0\" allow=\"accelerometer; autoplay; clipboard-write; encrypted-media; gyroscope; picture-in-picture; web-share\" referrerpolicy=\"strict-origin-when-cross-origin\" allowfullscreen><\/iframe><\/p>\n","protected":false},"excerpt":{"rendered":"<p>Aqu\u00ed teniu un petit recull de la Unitat Did\u00e0ctica que ha realitzat la Sonia (mestra de pr\u00e0ctiques) al curs de P5 sobre el reciclatge. A trav\u00e9s d\u2019activitats molt experimentals els vostres infants han gaudit i han apr\u00e9s molts conceptes relacionats amb aquest tema.<br \/>\nTamb\u00e9 han pogut&hellip;  <a href=\"https:\/\/agora.xtec.cat\/ceip-ignasiiglesias-cornella\/infantil\/p5-reciclatge\/\" title=\"Read P5. Reciclatge\">Llegeix m\u00e9s\u00bb<\/a><\/p>\n","protected":false},"author":1,"featured_media":1666,"comment_status":"open","ping_status":"closed","sticky":false,"template":"","format":"standard","meta":{"_bbp_topic_count":0,"_bbp_reply_count":0,"_bbp_total_topic_count":0,"_bbp_total_reply_count":0,"_bbp_voice_count":0,"_bbp_anonymous_reply_count":0,"_bbp_topic_count_hidden":0,"_bbp_reply_count_hidden":0,"_bbp_forum_subforum_count":0,"footnotes":""},"categories":[2,9,4],"tags":[88,85,86,87,289,288],"class_list":["post-1664","post","type-post","status-publish","format-standard","has-post-thumbnail","hentry","category-infantil","category-p5","category-portada","tag-ballarins","tag-infantil","tag-p5","tag-policies","tag-reciclar","tag-reciclatge"],"post_mailing_queue_ids":[],"_links":{"self":[{"href":"https:\/\/agora.xtec.cat\/ceip-ignasiiglesias-cornella\/wp-json\/wp\/v2\/posts\/1664","targetHints":{"allow":["GET"]}}],"collection":[{"href":"https:\/\/agora.xtec.cat\/ceip-ignasiiglesias-cornella\/wp-json\/wp\/v2\/posts"}],"about":[{"href":"https:\/\/agora.xtec.cat\/ceip-ignasiiglesias-cornella\/wp-json\/wp\/v2\/types\/post"}],"author":[{"embeddable":true,"href":"https:\/\/agora.xtec.cat\/ceip-ignasiiglesias-cornella\/wp-json\/wp\/v2\/users\/1"}],"replies":[{"embeddable":true,"href":"https:\/\/agora.xtec.cat\/ceip-ignasiiglesias-cornella\/wp-json\/wp\/v2\/comments?post=1664"}],"version-history":[{"count":2,"href":"https:\/\/agora.xtec.cat\/ceip-ignasiiglesias-cornella\/wp-json\/wp\/v2\/posts\/1664\/revisions"}],"predecessor-version":[{"id":1668,"href":"https:\/\/agora.xtec.cat\/ceip-ignasiiglesias-cornella\/wp-json\/wp\/v2\/posts\/1664\/revisions\/1668"}],"wp:featuredmedia":[{"embeddable":true,"href":"https:\/\/agora.xtec.cat\/ceip-ignasiiglesias-cornella\/wp-json\/wp\/v2\/media\/1666"}],"wp:attachment":[{"href":"https:\/\/agora.xtec.cat\/ceip-ignasiiglesias-cornella\/wp-json\/wp\/v2\/media?parent=1664"}],"wp:term":[{"taxonomy":"category","embeddable":true,"href":"https:\/\/agora.xtec.cat\/ceip-ignasiiglesias-cornella\/wp-json\/wp\/v2\/categories?post=1664"},{"taxonomy":"post_tag","embeddable":true,"href":"https:\/\/agora.xtec.cat\/ceip-ignasiiglesias-cornella\/wp-json\/wp\/v2\/tags?post=1664"}],"curies":[{"name":"wp","href":"https:\/\/api.w.org\/{rel}","templated":true}]}}