{"id":1562,"date":"2018-02-16T17:28:11","date_gmt":"2018-02-16T16:28:11","guid":{"rendered":"http:\/\/agora.xtec.cat\/ceip-ignasiiglesias-cornella\/?p=1562"},"modified":"2018-02-16T18:19:57","modified_gmt":"2018-02-16T17:19:57","slug":"recaptacio-de-la-xocolatada-solidaria","status":"publish","type":"post","link":"https:\/\/agora.xtec.cat\/ceip-ignasiiglesias-cornella\/portada\/recaptacio-de-la-xocolatada-solidaria\/","title":{"rendered":"RECAPTACI\u00d3 DE LA XOCOLATADA SOLID\u00c0RIA"},"content":{"rendered":"<p style=\"text-align: justify;\">Aquest dijous 15 de febrer, fam\u00edlies i escola ens hem retrobat per una bona causa. Des de l&#8217;organitzaci\u00f3 d&#8217;aquest acte hem d&#8217;agrair a l&#8217;empresa de menjador, l&#8217;aportaci\u00f3 a fons perdut que ha fet de la xocolata i la coca.<\/p>\n<p><a href=\"http:\/\/agora.xtec.cat\/ceip-ignasiiglesias-cornella\/wp-content\/uploads\/usu1592\/2018\/02\/IMG-20180216-WA0004.jpg\"><img loading=\"lazy\" decoding=\"async\" class=\"wp-image-1563 alignleft\" src=\"http:\/\/agora.xtec.cat\/ceip-ignasiiglesias-cornella\/wp-content\/uploads\/usu1592\/2018\/02\/IMG-20180216-WA0004-300x300.jpg\" alt=\"\" width=\"236\" height=\"236\" srcset=\"https:\/\/agora.xtec.cat\/ceip-ignasiiglesias-cornella\/wp-content\/uploads\/usu1592\/2018\/02\/IMG-20180216-WA0004-300x300.jpg 300w, https:\/\/agora.xtec.cat\/ceip-ignasiiglesias-cornella\/wp-content\/uploads\/usu1592\/2018\/02\/IMG-20180216-WA0004-150x150.jpg 150w, https:\/\/agora.xtec.cat\/ceip-ignasiiglesias-cornella\/wp-content\/uploads\/usu1592\/2018\/02\/IMG-20180216-WA0004-768x768.jpg 768w, https:\/\/agora.xtec.cat\/ceip-ignasiiglesias-cornella\/wp-content\/uploads\/usu1592\/2018\/02\/IMG-20180216-WA0004.jpg 960w\" sizes=\"auto, (max-width: 236px) 100vw, 236px\" \/><\/a> <a href=\"http:\/\/agora.xtec.cat\/ceip-ignasiiglesias-cornella\/wp-content\/uploads\/usu1592\/2018\/02\/IMG-20180215-WA0010.jpg\"><img loading=\"lazy\" decoding=\"async\" class=\"wp-image-1565 alignnone aligncenter\" src=\"http:\/\/agora.xtec.cat\/ceip-ignasiiglesias-cornella\/wp-content\/uploads\/usu1592\/2018\/02\/IMG-20180215-WA0010-300x169.jpg\" alt=\"\" width=\"348\" height=\"196\" srcset=\"https:\/\/agora.xtec.cat\/ceip-ignasiiglesias-cornella\/wp-content\/uploads\/usu1592\/2018\/02\/IMG-20180215-WA0010-300x169.jpg 300w, https:\/\/agora.xtec.cat\/ceip-ignasiiglesias-cornella\/wp-content\/uploads\/usu1592\/2018\/02\/IMG-20180215-WA0010-768x432.jpg 768w, https:\/\/agora.xtec.cat\/ceip-ignasiiglesias-cornella\/wp-content\/uploads\/usu1592\/2018\/02\/IMG-20180215-WA0010-1024x575.jpg 1024w, https:\/\/agora.xtec.cat\/ceip-ignasiiglesias-cornella\/wp-content\/uploads\/usu1592\/2018\/02\/IMG-20180215-WA0010.jpg 1600w\" sizes=\"auto, (max-width: 348px) 100vw, 348px\" \/><\/a>Tots plegats, hem recaptat 744 euros que aniran destinats a la lluita contra el c\u00e0ncer infantil.<\/p>\n<p>\u00c9s el segon any que AMPA i Escola unifiquen esfor\u00e7os per tal de fer possible aquesta recaptaci\u00f3, per\u00f2 el m\u00e8rit\u00a0 i el valor afegit que amaga aquesta iniciativa, \u00e9s de tots plegats.<\/p>\n<p>Us comuniquem que fins el proper dijous 22 de febrer, podreu seguir adquirint les polseres que l&#8217;AMPA tenia a la venda. Les trobareu a l&#8217;oficina de l&#8217;associaci\u00f3 de pares i mares o b\u00e9 a la secretaria del centre. L&#8217;import recaptat tamb\u00e9 es far\u00e0 arribar a l&#8217;hospital de sant Joan de D\u00e9u.<\/p>\n","protected":false},"excerpt":{"rendered":"<p>Aquest dijous 15 de febrer, fam\u00edlies i escola ens hem retrobat per una bona causa. Des de l&#8217;organitzaci\u00f3 d&#8217;aquest acte hem d&#8217;agrair a l&#8217;empresa de menjador, l&#8217;aportaci\u00f3 a fons perdut que ha fet de la xocolata i la coca.<br \/>\n<a href=\"http:\/\/agora.xtec.cat\/ceip-ignasiiglesias-cornella\/wp-content\/uploads\/usu1592\/2018\/02\/IMG-20180216-WA0004.jpg\"><\/a> <a href=\"http:\/\/agora.xtec.cat\/ceip-ignasiiglesias-cornella\/wp-content\/uploads\/usu1592\/2018\/02\/IMG-20180215-WA0010.jpg\"><\/a>Tots plegats, hem recaptat&hellip;  <a href=\"https:\/\/agora.xtec.cat\/ceip-ignasiiglesias-cornella\/portada\/recaptacio-de-la-xocolatada-solidaria\/\" title=\"Read RECAPTACI\u00d3 DE LA XOCOLATADA SOLID\u00c0RIA\">Llegeix m\u00e9s\u00bb<\/a><\/p>\n","protected":false},"author":1,"featured_media":1564,"comment_status":"closed","ping_status":"closed","sticky":false,"template":"","format":"standard","meta":{"_bbp_topic_count":0,"_bbp_reply_count":0,"_bbp_total_topic_count":0,"_bbp_total_reply_count":0,"_bbp_voice_count":0,"_bbp_anonymous_reply_count":0,"_bbp_topic_count_hidden":0,"_bbp_reply_count_hidden":0,"_bbp_forum_subforum_count":0,"footnotes":""},"categories":[4],"tags":[257,217,216],"class_list":["post-1562","post","type-post","status-publish","format-standard","has-post-thumbnail","hentry","category-portada","tag-recaptacio","tag-solidaria","tag-xocolatada"],"post_mailing_queue_ids":[],"_links":{"self":[{"href":"https:\/\/agora.xtec.cat\/ceip-ignasiiglesias-cornella\/wp-json\/wp\/v2\/posts\/1562","targetHints":{"allow":["GET"]}}],"collection":[{"href":"https:\/\/agora.xtec.cat\/ceip-ignasiiglesias-cornella\/wp-json\/wp\/v2\/posts"}],"about":[{"href":"https:\/\/agora.xtec.cat\/ceip-ignasiiglesias-cornella\/wp-json\/wp\/v2\/types\/post"}],"author":[{"embeddable":true,"href":"https:\/\/agora.xtec.cat\/ceip-ignasiiglesias-cornella\/wp-json\/wp\/v2\/users\/1"}],"replies":[{"embeddable":true,"href":"https:\/\/agora.xtec.cat\/ceip-ignasiiglesias-cornella\/wp-json\/wp\/v2\/comments?post=1562"}],"version-history":[{"count":2,"href":"https:\/\/agora.xtec.cat\/ceip-ignasiiglesias-cornella\/wp-json\/wp\/v2\/posts\/1562\/revisions"}],"predecessor-version":[{"id":1567,"href":"https:\/\/agora.xtec.cat\/ceip-ignasiiglesias-cornella\/wp-json\/wp\/v2\/posts\/1562\/revisions\/1567"}],"wp:featuredmedia":[{"embeddable":true,"href":"https:\/\/agora.xtec.cat\/ceip-ignasiiglesias-cornella\/wp-json\/wp\/v2\/media\/1564"}],"wp:attachment":[{"href":"https:\/\/agora.xtec.cat\/ceip-ignasiiglesias-cornella\/wp-json\/wp\/v2\/media?parent=1562"}],"wp:term":[{"taxonomy":"category","embeddable":true,"href":"https:\/\/agora.xtec.cat\/ceip-ignasiiglesias-cornella\/wp-json\/wp\/v2\/categories?post=1562"},{"taxonomy":"post_tag","embeddable":true,"href":"https:\/\/agora.xtec.cat\/ceip-ignasiiglesias-cornella\/wp-json\/wp\/v2\/tags?post=1562"}],"curies":[{"name":"wp","href":"https:\/\/api.w.org\/{rel}","templated":true}]}}