{"id":1556,"date":"2018-02-16T12:28:34","date_gmt":"2018-02-16T11:28:34","guid":{"rendered":"http:\/\/agora.xtec.cat\/ceip-ignasiiglesias-cornella\/?p=1556"},"modified":"2018-03-13T12:14:48","modified_gmt":"2018-03-13T11:14:48","slug":"5e-visita-museu-textil-de-terrassa","status":"publish","type":"post","link":"https:\/\/agora.xtec.cat\/ceip-ignasiiglesias-cornella\/portada\/5e-visita-museu-textil-de-terrassa\/","title":{"rendered":"5\u00e8. Visita Museu T\u00e8xtil de Terrassa"},"content":{"rendered":"<p>El passat m\u00e9s de gener\u00a0 els alumnes de 5\u00e8 vam anar a visitar el Museu T\u00e8xtil de Terrassa\u00a0 per con\u00e8ixer les diferents fibres t\u00e8xtils, d&#8217;on surt el fil, quines m\u00e0quines s&#8217;utilitzaven antigament a les ind\u00fastries t\u00e8xtils per cofeccionar fil i roba.<\/p>\n<figure class=\"figure wp-caption alignnone\"><a href=\"http:\/\/agora.xtec.cat\/ceip-ignasiiglesias-cornella\/wp-content\/uploads\/usu1592\/2018\/02\/SAM_2585.jpg\"><img loading=\"lazy\" decoding=\"async\" class=\" wp-image-1557\" src=\"http:\/\/agora.xtec.cat\/ceip-ignasiiglesias-cornella\/wp-content\/uploads\/usu1592\/2018\/02\/SAM_2585-1024x576.jpg\" alt=\"\" width=\"409\" height=\"230\" srcset=\"https:\/\/agora.xtec.cat\/ceip-ignasiiglesias-cornella\/wp-content\/uploads\/usu1592\/2018\/02\/SAM_2585-1024x576.jpg 1024w, https:\/\/agora.xtec.cat\/ceip-ignasiiglesias-cornella\/wp-content\/uploads\/usu1592\/2018\/02\/SAM_2585-300x169.jpg 300w, https:\/\/agora.xtec.cat\/ceip-ignasiiglesias-cornella\/wp-content\/uploads\/usu1592\/2018\/02\/SAM_2585-768x432.jpg 768w\" sizes=\"auto, (max-width: 409px) 100vw, 409px\" \/><\/a><figcaption class=\"wp-caption-text\">Foto: Cot\u00f3 (Cotonera)<\/figcaption><\/figure>\n<p>Amb un Compta Fils vam obervar diferents tipus de teixits, on amb l&#8217;augment de la lupa es podia veure quina trama tenien els fils.<\/p>\n<figure class=\"figure wp-caption alignnone\"><a href=\"http:\/\/agora.xtec.cat\/ceip-ignasiiglesias-cornella\/wp-content\/uploads\/usu1592\/2018\/02\/SAM_2639.jpg\"><img loading=\"lazy\" decoding=\"async\" class=\" wp-image-1558\" src=\"http:\/\/agora.xtec.cat\/ceip-ignasiiglesias-cornella\/wp-content\/uploads\/usu1592\/2018\/02\/SAM_2639-1024x576.jpg\" alt=\"\" width=\"432\" height=\"243\" srcset=\"https:\/\/agora.xtec.cat\/ceip-ignasiiglesias-cornella\/wp-content\/uploads\/usu1592\/2018\/02\/SAM_2639-1024x576.jpg 1024w, https:\/\/agora.xtec.cat\/ceip-ignasiiglesias-cornella\/wp-content\/uploads\/usu1592\/2018\/02\/SAM_2639-300x169.jpg 300w, https:\/\/agora.xtec.cat\/ceip-ignasiiglesias-cornella\/wp-content\/uploads\/usu1592\/2018\/02\/SAM_2639-768x432.jpg 768w, https:\/\/agora.xtec.cat\/ceip-ignasiiglesias-cornella\/wp-content\/uploads\/usu1592\/2018\/02\/SAM_2639.jpg 1368w\" sizes=\"auto, (max-width: 432px) 100vw, 432px\" \/><\/a><figcaption class=\"wp-caption-text\">Foto: augment amb el compta fils<\/figcaption><\/figure>\n<p>&nbsp;<\/p>\n<p>Tamb\u00e9 ens van ensenyar en una sala, l&#8217;evoluci\u00f3 de la moda desde l&#8217;antiguitat a l&#8217;actualitat.<\/p>\n<p>Entre tots vam fer un teler hum\u00e0, on ens van explicar com es tra\u00e7a l&#8217;Ordit i la Trama.<\/p>\n<figure class=\"figure wp-caption alignnone\"><a href=\"http:\/\/agora.xtec.cat\/ceip-ignasiiglesias-cornella\/wp-content\/uploads\/usu1592\/2018\/02\/SAM_2788.jpg\"><img loading=\"lazy\" decoding=\"async\" class=\" wp-image-1559\" src=\"http:\/\/agora.xtec.cat\/ceip-ignasiiglesias-cornella\/wp-content\/uploads\/usu1592\/2018\/02\/SAM_2788-1024x576.jpg\" alt=\"\" width=\"446\" height=\"251\" \/><\/a><figcaption class=\"wp-caption-text\"><strong>Si voleu veure m\u00e9s fotografies i saber-ne m\u00e9s cliqueu <a href=\"https:\/\/photos.app.goo.gl\/sn6rKXvktidz9cIK2\">AQU\u00cd<\/a>.<\/strong><\/figcaption><\/figure>\n<p>Va ser molt interessant i divertit.<\/p>\n<p>Alumnes de 5\u00e8<\/p>\n","protected":false},"excerpt":{"rendered":"<p>El passat m\u00e9s de gener\u00a0 els alumnes de 5\u00e8 vam anar a visitar el Museu T\u00e8xtil de Terrassa\u00a0 per con\u00e8ixer les diferents fibres t\u00e8xtils, d&#8217;on surt el fil, quines m\u00e0quines s&#8217;utilitzaven antigament a les ind\u00fastries t\u00e8xtils per cofeccionar fil i roba.<br \/>\n<a href=\"http:\/\/agora.xtec.cat\/ceip-ignasiiglesias-cornella\/wp-content\/uploads\/usu1592\/2018\/02\/SAM_2585.jpg\"><\/a>Foto: Cot\u00f3 (Cotonera)<br \/>\nAmb un&hellip;  <a href=\"https:\/\/agora.xtec.cat\/ceip-ignasiiglesias-cornella\/portada\/5e-visita-museu-textil-de-terrassa\/\" title=\"Read 5\u00e8. Visita Museu T\u00e8xtil de Terrassa\">Llegeix m\u00e9s\u00bb<\/a><\/p>\n","protected":false},"author":1,"featured_media":1557,"comment_status":"open","ping_status":"closed","sticky":false,"template":"","format":"standard","meta":{"_bbp_topic_count":0,"_bbp_reply_count":0,"_bbp_total_topic_count":0,"_bbp_total_reply_count":0,"_bbp_voice_count":0,"_bbp_anonymous_reply_count":0,"_bbp_topic_count_hidden":0,"_bbp_reply_count_hidden":0,"_bbp_forum_subforum_count":0,"footnotes":""},"categories":[14,4,5],"tags":[119,256,255,254,251,252,253],"class_list":["post-1556","post","type-post","status-publish","format-standard","has-post-thumbnail","hentry","category-cicle-superior","category-portada","category-primaria","tag-5e","tag-fils","tag-moda","tag-modistes","tag-museu-textil","tag-projecte","tag-sastres"],"post_mailing_queue_ids":[],"_links":{"self":[{"href":"https:\/\/agora.xtec.cat\/ceip-ignasiiglesias-cornella\/wp-json\/wp\/v2\/posts\/1556","targetHints":{"allow":["GET"]}}],"collection":[{"href":"https:\/\/agora.xtec.cat\/ceip-ignasiiglesias-cornella\/wp-json\/wp\/v2\/posts"}],"about":[{"href":"https:\/\/agora.xtec.cat\/ceip-ignasiiglesias-cornella\/wp-json\/wp\/v2\/types\/post"}],"author":[{"embeddable":true,"href":"https:\/\/agora.xtec.cat\/ceip-ignasiiglesias-cornella\/wp-json\/wp\/v2\/users\/1"}],"replies":[{"embeddable":true,"href":"https:\/\/agora.xtec.cat\/ceip-ignasiiglesias-cornella\/wp-json\/wp\/v2\/comments?post=1556"}],"version-history":[{"count":3,"href":"https:\/\/agora.xtec.cat\/ceip-ignasiiglesias-cornella\/wp-json\/wp\/v2\/posts\/1556\/revisions"}],"predecessor-version":[{"id":1777,"href":"https:\/\/agora.xtec.cat\/ceip-ignasiiglesias-cornella\/wp-json\/wp\/v2\/posts\/1556\/revisions\/1777"}],"wp:featuredmedia":[{"embeddable":true,"href":"https:\/\/agora.xtec.cat\/ceip-ignasiiglesias-cornella\/wp-json\/wp\/v2\/media\/1557"}],"wp:attachment":[{"href":"https:\/\/agora.xtec.cat\/ceip-ignasiiglesias-cornella\/wp-json\/wp\/v2\/media?parent=1556"}],"wp:term":[{"taxonomy":"category","embeddable":true,"href":"https:\/\/agora.xtec.cat\/ceip-ignasiiglesias-cornella\/wp-json\/wp\/v2\/categories?post=1556"},{"taxonomy":"post_tag","embeddable":true,"href":"https:\/\/agora.xtec.cat\/ceip-ignasiiglesias-cornella\/wp-json\/wp\/v2\/tags?post=1556"}],"curies":[{"name":"wp","href":"https:\/\/api.w.org\/{rel}","templated":true}]}}