{"id":1542,"date":"2018-02-16T01:19:52","date_gmt":"2018-02-16T00:19:52","guid":{"rendered":"http:\/\/agora.xtec.cat\/ceip-ignasiiglesias-cornella\/?p=1542"},"modified":"2018-03-13T11:37:42","modified_gmt":"2018-03-13T10:37:42","slug":"3r-i-4t-descobrim-el-so-del-metall","status":"publish","type":"post","link":"https:\/\/agora.xtec.cat\/ceip-ignasiiglesias-cornella\/general\/3r-i-4t-descobrim-el-so-del-metall\/","title":{"rendered":"3r i 4t. Descobrim el so del metall"},"content":{"rendered":"<p>Els nens i nenes de 3r i 4t hem gaudit de l&#8217;espectacle &#8220;Descobreix el so del metall&#8221; al Patronat. Hem pogut escoltar diferents instruments de la fam\u00edlia del vent metall: trompeta, trompa, tromb\u00f3 i tuba. Ho hem passat molt b\u00e9!<\/p>\n<p><a href=\"https:\/\/photos.app.goo.gl\/SjPw3qarGbUTIjmA2\"><img loading=\"lazy\" decoding=\"async\" class=\"aligncenter wp-image-1540 size-full\" src=\"http:\/\/agora.xtec.cat\/ceip-ignasiiglesias-cornella\/wp-content\/uploads\/usu1592\/2017\/11\/miniatura-9.jpg\" alt=\"\" width=\"283\" height=\"213\" srcset=\"https:\/\/agora.xtec.cat\/ceip-ignasiiglesias-cornella\/wp-content\/uploads\/usu1592\/2017\/11\/miniatura-9.jpg 283w, https:\/\/agora.xtec.cat\/ceip-ignasiiglesias-cornella\/wp-content\/uploads\/usu1592\/2017\/11\/miniatura-9-200x150.jpg 200w\" sizes=\"auto, (max-width: 283px) 100vw, 283px\" \/><\/a><\/p>\n","protected":false},"excerpt":{"rendered":"<p>Els nens i nenes de 3r i 4t hem gaudit de l&#8217;espectacle &#8220;Descobreix el so del metall&#8221; al Patronat. Hem pogut escoltar diferents instruments de la fam\u00edlia del vent metall: trompeta, trompa, tromb\u00f3 i tuba. Ho hem passat molt b\u00e9!<br \/>\n<a href=\"https:\/\/photos.app.goo.gl\/SjPw3qarGbUTIjmA2\"><\/a><\/p>\n","protected":false},"author":4,"featured_media":0,"comment_status":"closed","ping_status":"closed","sticky":false,"template":"","format":"standard","meta":{"_bbp_topic_count":0,"_bbp_reply_count":0,"_bbp_total_topic_count":0,"_bbp_total_reply_count":0,"_bbp_voice_count":0,"_bbp_anonymous_reply_count":0,"_bbp_topic_count_hidden":0,"_bbp_reply_count_hidden":0,"_bbp_forum_subforum_count":0,"footnotes":""},"categories":[12,1,72,4,5],"tags":[174,124,155,245,114,125,232,244],"class_list":["post-1542","post","type-post","status-publish","format-standard","hentry","category-cicle-mitja","category-general","category-musica","category-portada","category-primaria","tag-3r","tag-4t","tag-cicle-mitja","tag-metall","tag-musica-harmonica-5e","tag-primaria","tag-trompeta","tag-vent"],"post_mailing_queue_ids":[],"_links":{"self":[{"href":"https:\/\/agora.xtec.cat\/ceip-ignasiiglesias-cornella\/wp-json\/wp\/v2\/posts\/1542","targetHints":{"allow":["GET"]}}],"collection":[{"href":"https:\/\/agora.xtec.cat\/ceip-ignasiiglesias-cornella\/wp-json\/wp\/v2\/posts"}],"about":[{"href":"https:\/\/agora.xtec.cat\/ceip-ignasiiglesias-cornella\/wp-json\/wp\/v2\/types\/post"}],"author":[{"embeddable":true,"href":"https:\/\/agora.xtec.cat\/ceip-ignasiiglesias-cornella\/wp-json\/wp\/v2\/users\/4"}],"replies":[{"embeddable":true,"href":"https:\/\/agora.xtec.cat\/ceip-ignasiiglesias-cornella\/wp-json\/wp\/v2\/comments?post=1542"}],"version-history":[{"count":1,"href":"https:\/\/agora.xtec.cat\/ceip-ignasiiglesias-cornella\/wp-json\/wp\/v2\/posts\/1542\/revisions"}],"predecessor-version":[{"id":1543,"href":"https:\/\/agora.xtec.cat\/ceip-ignasiiglesias-cornella\/wp-json\/wp\/v2\/posts\/1542\/revisions\/1543"}],"wp:attachment":[{"href":"https:\/\/agora.xtec.cat\/ceip-ignasiiglesias-cornella\/wp-json\/wp\/v2\/media?parent=1542"}],"wp:term":[{"taxonomy":"category","embeddable":true,"href":"https:\/\/agora.xtec.cat\/ceip-ignasiiglesias-cornella\/wp-json\/wp\/v2\/categories?post=1542"},{"taxonomy":"post_tag","embeddable":true,"href":"https:\/\/agora.xtec.cat\/ceip-ignasiiglesias-cornella\/wp-json\/wp\/v2\/tags?post=1542"}],"curies":[{"name":"wp","href":"https:\/\/api.w.org\/{rel}","templated":true}]}}