{"id":1482,"date":"2018-02-08T01:05:40","date_gmt":"2018-02-08T00:05:40","guid":{"rendered":"http:\/\/agora.xtec.cat\/ceip-ignasiiglesias-cornella\/?p=1482"},"modified":"2018-02-21T17:57:28","modified_gmt":"2018-02-21T16:57:28","slug":"jornada-de-portes-obertes","status":"publish","type":"post","link":"https:\/\/agora.xtec.cat\/ceip-ignasiiglesias-cornella\/portada\/jornada-de-portes-obertes\/","title":{"rendered":"JORNADA DE PORTES OBERTES"},"content":{"rendered":"<p style=\"text-align: justify;\"><img loading=\"lazy\" decoding=\"async\" class=\"wp-image-1526 aligncenter\" src=\"http:\/\/agora.xtec.cat\/ceip-ignasiiglesias-cornella\/wp-content\/uploads\/usu1592\/2018\/02\/DE3D7BF6-BD0B-48C5-AB57-1B50EDE4D778-300x127.jpeg\" alt=\"\" width=\"349\" height=\"148\" srcset=\"https:\/\/agora.xtec.cat\/ceip-ignasiiglesias-cornella\/wp-content\/uploads\/usu1592\/2018\/02\/DE3D7BF6-BD0B-48C5-AB57-1B50EDE4D778-300x127.jpeg 300w, https:\/\/agora.xtec.cat\/ceip-ignasiiglesias-cornella\/wp-content\/uploads\/usu1592\/2018\/02\/DE3D7BF6-BD0B-48C5-AB57-1B50EDE4D778-768x326.jpeg 768w, https:\/\/agora.xtec.cat\/ceip-ignasiiglesias-cornella\/wp-content\/uploads\/usu1592\/2018\/02\/DE3D7BF6-BD0B-48C5-AB57-1B50EDE4D778-1024x435.jpeg 1024w, https:\/\/agora.xtec.cat\/ceip-ignasiiglesias-cornella\/wp-content\/uploads\/usu1592\/2018\/02\/DE3D7BF6-BD0B-48C5-AB57-1B50EDE4D778.jpeg 1696w\" sizes=\"auto, (max-width: 349px) 100vw, 349px\" \/><\/p>\n<h4 style=\"text-align: center;\">El proper <span style=\"text-decoration: underline;\">dimecres 21 de febrer<\/span> tindr\u00e0 lloc la\u00a0JORNADA DE PORTES OBERTES.<\/h4>\n<h4 style=\"text-align: center;\">La visita guiada es far\u00e0 en dos torns: 9:30 i 15:15h. Es recomanable comunicar l&#8217;assist\u00e8ncia directament a la secretaria del centre o b\u00e9 en aquest tel\u00e8fon: 93 375 72 51<\/h4>\n<h4 style=\"text-align: center;\">Us hi esperem!!!<\/h4>\n<p style=\"text-align: center;\"><img loading=\"lazy\" decoding=\"async\" class=\"alignnone wp-image-1525\" src=\"http:\/\/agora.xtec.cat\/ceip-ignasiiglesias-cornella\/wp-content\/uploads\/usu1592\/2018\/02\/CB0B6FFE-34C6-44E2-8325-46AECAC42F32-296x300.jpeg\" alt=\"\" width=\"305\" height=\"309\" srcset=\"https:\/\/agora.xtec.cat\/ceip-ignasiiglesias-cornella\/wp-content\/uploads\/usu1592\/2018\/02\/CB0B6FFE-34C6-44E2-8325-46AECAC42F32-296x300.jpeg 296w, https:\/\/agora.xtec.cat\/ceip-ignasiiglesias-cornella\/wp-content\/uploads\/usu1592\/2018\/02\/CB0B6FFE-34C6-44E2-8325-46AECAC42F32-768x778.jpeg 768w, https:\/\/agora.xtec.cat\/ceip-ignasiiglesias-cornella\/wp-content\/uploads\/usu1592\/2018\/02\/CB0B6FFE-34C6-44E2-8325-46AECAC42F32-1010x1024.jpeg 1010w, https:\/\/agora.xtec.cat\/ceip-ignasiiglesias-cornella\/wp-content\/uploads\/usu1592\/2018\/02\/CB0B6FFE-34C6-44E2-8325-46AECAC42F32.jpeg 1184w\" sizes=\"auto, (max-width: 305px) 100vw, 305px\" \/><\/p>\n","protected":false},"excerpt":{"rendered":"<p>El proper dimecres 21 de febrer tindr\u00e0 lloc la\u00a0JORNADA DE PORTES OBERTES.<br \/>\nLa visita guiada es far\u00e0 en dos torns: 9:30 i 15:15h. Es recomanable comunicar l&#8217;assist\u00e8ncia directament a la secretaria del centre o b\u00e9 en aquest tel\u00e8fon: 93 375 72 51<br \/>\nUs hi esperem!!!<\/p>\n","protected":false},"author":1,"featured_media":0,"comment_status":"open","ping_status":"closed","sticky":false,"template":"","format":"standard","meta":{"_bbp_topic_count":0,"_bbp_reply_count":0,"_bbp_total_topic_count":0,"_bbp_total_reply_count":0,"_bbp_voice_count":0,"_bbp_anonymous_reply_count":0,"_bbp_topic_count_hidden":0,"_bbp_reply_count_hidden":0,"_bbp_forum_subforum_count":0,"footnotes":""},"categories":[4],"tags":[234,227,226],"class_list":["post-1482","post","type-post","status-publish","format-standard","hentry","category-portada","tag-234","tag-obertes","tag-portes"],"post_mailing_queue_ids":[],"_links":{"self":[{"href":"https:\/\/agora.xtec.cat\/ceip-ignasiiglesias-cornella\/wp-json\/wp\/v2\/posts\/1482","targetHints":{"allow":["GET"]}}],"collection":[{"href":"https:\/\/agora.xtec.cat\/ceip-ignasiiglesias-cornella\/wp-json\/wp\/v2\/posts"}],"about":[{"href":"https:\/\/agora.xtec.cat\/ceip-ignasiiglesias-cornella\/wp-json\/wp\/v2\/types\/post"}],"author":[{"embeddable":true,"href":"https:\/\/agora.xtec.cat\/ceip-ignasiiglesias-cornella\/wp-json\/wp\/v2\/users\/1"}],"replies":[{"embeddable":true,"href":"https:\/\/agora.xtec.cat\/ceip-ignasiiglesias-cornella\/wp-json\/wp\/v2\/comments?post=1482"}],"version-history":[{"count":3,"href":"https:\/\/agora.xtec.cat\/ceip-ignasiiglesias-cornella\/wp-json\/wp\/v2\/posts\/1482\/revisions"}],"predecessor-version":[{"id":1530,"href":"https:\/\/agora.xtec.cat\/ceip-ignasiiglesias-cornella\/wp-json\/wp\/v2\/posts\/1482\/revisions\/1530"}],"wp:attachment":[{"href":"https:\/\/agora.xtec.cat\/ceip-ignasiiglesias-cornella\/wp-json\/wp\/v2\/media?parent=1482"}],"wp:term":[{"taxonomy":"category","embeddable":true,"href":"https:\/\/agora.xtec.cat\/ceip-ignasiiglesias-cornella\/wp-json\/wp\/v2\/categories?post=1482"},{"taxonomy":"post_tag","embeddable":true,"href":"https:\/\/agora.xtec.cat\/ceip-ignasiiglesias-cornella\/wp-json\/wp\/v2\/tags?post=1482"}],"curies":[{"name":"wp","href":"https:\/\/api.w.org\/{rel}","templated":true}]}}