{"id":1478,"date":"2018-02-06T19:53:29","date_gmt":"2018-02-06T18:53:29","guid":{"rendered":"http:\/\/agora.xtec.cat\/ceip-ignasiiglesias-cornella\/?p=1478"},"modified":"2018-02-07T17:28:45","modified_gmt":"2018-02-07T16:28:45","slug":"la-cursa-dels-planetes","status":"publish","type":"post","link":"https:\/\/agora.xtec.cat\/ceip-ignasiiglesias-cornella\/portada\/la-cursa-dels-planetes\/","title":{"rendered":"2n. La cursa dels planetes"},"content":{"rendered":"<figure class=\"figure wp-caption alignnone\"><a href=\"http:\/\/agora.xtec.cat\/ceip-ignasiiglesias-cornella\/wp-content\/uploads\/usu1592\/2018\/02\/IMG_1336.jpg\"><img loading=\"lazy\" decoding=\"async\" class=\"size-full wp-image-1481\" src=\"http:\/\/agora.xtec.cat\/ceip-ignasiiglesias-cornella\/wp-content\/uploads\/usu1592\/2018\/02\/IMG_1336.jpg\" alt=\"\" width=\"640\" height=\"480\" \/><\/a><figcaption class=\"wp-caption-text\">Gr\u00e0cies a aquesta activitat vam poder fer un recordatori dels bons h\u00e0bits per tal de fer un consum responsable.<\/figcaption><\/figure>\n<figure class=\"figure wp-caption aligncenter\"><a href=\"http:\/\/agora.xtec.cat\/ceip-ignasiiglesias-cornella\/wp-content\/uploads\/usu1592\/2018\/02\/IMG_1340.jpg\"><img loading=\"lazy\" decoding=\"async\" class=\"wp-image-1483 size-medium\" src=\"http:\/\/agora.xtec.cat\/ceip-ignasiiglesias-cornella\/wp-content\/uploads\/usu1592\/2018\/02\/IMG_1340-300x225.jpg\" alt=\"\" width=\"300\" height=\"225\" srcset=\"https:\/\/agora.xtec.cat\/ceip-ignasiiglesias-cornella\/wp-content\/uploads\/usu1592\/2018\/02\/IMG_1340-300x225.jpg 300w, https:\/\/agora.xtec.cat\/ceip-ignasiiglesias-cornella\/wp-content\/uploads\/usu1592\/2018\/02\/IMG_1340-200x150.jpg 200w, https:\/\/agora.xtec.cat\/ceip-ignasiiglesias-cornella\/wp-content\/uploads\/usu1592\/2018\/02\/IMG_1340.jpg 640w\" sizes=\"auto, (max-width: 300px) 100vw, 300px\" \/><\/a><figcaption class=\"wp-caption-text\">Quan vam entrar a l&#8217;aula d&#8217;inform\u00e0tica ens vam adonar que els llums est\u00e0ven encesos i no hi havia ning\u00fa. Vam deixar una nota a la pissarra perqu\u00e8 tothom hi prengui consci\u00e8ncia.<\/figcaption><\/figure>\n<p><a href=\"http:\/\/agora.xtec.cat\/ceip-ignasiiglesias-cornella\/wp-content\/uploads\/usu1592\/2018\/02\/IMG_1352.jpg\"><img loading=\"lazy\" decoding=\"async\" class=\"alignnone size-large wp-image-1484\" src=\"http:\/\/agora.xtec.cat\/ceip-ignasiiglesias-cornella\/wp-content\/uploads\/usu1592\/2018\/02\/IMG_1352.jpg\" alt=\"\" width=\"640\" height=\"480\" \/><\/a> <a href=\"http:\/\/agora.xtec.cat\/ceip-ignasiiglesias-cornella\/wp-content\/uploads\/usu1592\/2018\/02\/IMG_1343.jpg\"><img loading=\"lazy\" decoding=\"async\" class=\"alignnone size-large wp-image-1485\" src=\"http:\/\/agora.xtec.cat\/ceip-ignasiiglesias-cornella\/wp-content\/uploads\/usu1592\/2018\/02\/IMG_1343.jpg\" alt=\"\" width=\"640\" height=\"480\" \/><\/a><\/p>\n","protected":false},"excerpt":{"rendered":"<p><a href=\"http:\/\/agora.xtec.cat\/ceip-ignasiiglesias-cornella\/wp-content\/uploads\/usu1592\/2018\/02\/IMG_1336.jpg\"><\/a>Gr\u00e0cies a aquesta activitat vam poder fer un recordatori dels bons h\u00e0bits per tal de fer un consum responsable.<br \/>\n<a href=\"http:\/\/agora.xtec.cat\/ceip-ignasiiglesias-cornella\/wp-content\/uploads\/usu1592\/2018\/02\/IMG_1340.jpg\"><\/a>Quan vam entrar a l&#8217;aula d&#8217;inform\u00e0tica ens vam adonar que els llums est\u00e0ven encesos i no hi havia ning\u00fa. Vam deixar una nota a la&hellip;  <a href=\"https:\/\/agora.xtec.cat\/ceip-ignasiiglesias-cornella\/portada\/la-cursa-dels-planetes\/\" title=\"Read 2n. La cursa dels planetes\">Llegeix m\u00e9s\u00bb<\/a><\/p>\n","protected":false},"author":8,"featured_media":0,"comment_status":"open","ping_status":"closed","sticky":false,"template":"","format":"standard","meta":{"_bbp_topic_count":0,"_bbp_reply_count":0,"_bbp_total_topic_count":0,"_bbp_total_reply_count":0,"_bbp_voice_count":0,"_bbp_anonymous_reply_count":0,"_bbp_topic_count_hidden":0,"_bbp_reply_count_hidden":0,"_bbp_forum_subforum_count":0,"footnotes":""},"categories":[10,4],"tags":[210,137,229,230,228,195],"class_list":["post-1478","post","type-post","status-publish","format-standard","hentry","category-cicle-inicial","category-portada","tag-2n","tag-cicle-inicial","tag-consum-responsable","tag-escola-verda","tag-la-cursa-dels-planetes","tag-medi"],"post_mailing_queue_ids":[],"_links":{"self":[{"href":"https:\/\/agora.xtec.cat\/ceip-ignasiiglesias-cornella\/wp-json\/wp\/v2\/posts\/1478","targetHints":{"allow":["GET"]}}],"collection":[{"href":"https:\/\/agora.xtec.cat\/ceip-ignasiiglesias-cornella\/wp-json\/wp\/v2\/posts"}],"about":[{"href":"https:\/\/agora.xtec.cat\/ceip-ignasiiglesias-cornella\/wp-json\/wp\/v2\/types\/post"}],"author":[{"embeddable":true,"href":"https:\/\/agora.xtec.cat\/ceip-ignasiiglesias-cornella\/wp-json\/wp\/v2\/users\/8"}],"replies":[{"embeddable":true,"href":"https:\/\/agora.xtec.cat\/ceip-ignasiiglesias-cornella\/wp-json\/wp\/v2\/comments?post=1478"}],"version-history":[{"count":2,"href":"https:\/\/agora.xtec.cat\/ceip-ignasiiglesias-cornella\/wp-json\/wp\/v2\/posts\/1478\/revisions"}],"predecessor-version":[{"id":1501,"href":"https:\/\/agora.xtec.cat\/ceip-ignasiiglesias-cornella\/wp-json\/wp\/v2\/posts\/1478\/revisions\/1501"}],"wp:attachment":[{"href":"https:\/\/agora.xtec.cat\/ceip-ignasiiglesias-cornella\/wp-json\/wp\/v2\/media?parent=1478"}],"wp:term":[{"taxonomy":"category","embeddable":true,"href":"https:\/\/agora.xtec.cat\/ceip-ignasiiglesias-cornella\/wp-json\/wp\/v2\/categories?post=1478"},{"taxonomy":"post_tag","embeddable":true,"href":"https:\/\/agora.xtec.cat\/ceip-ignasiiglesias-cornella\/wp-json\/wp\/v2\/tags?post=1478"}],"curies":[{"name":"wp","href":"https:\/\/api.w.org\/{rel}","templated":true}]}}