{"id":1460,"date":"2018-02-01T21:42:12","date_gmt":"2018-02-01T20:42:12","guid":{"rendered":"http:\/\/agora.xtec.cat\/ceip-ignasiiglesias-cornella\/?p=1460"},"modified":"2018-02-01T21:42:12","modified_gmt":"2018-02-01T20:42:12","slug":"p5-esmorzar-saludable","status":"publish","type":"post","link":"https:\/\/agora.xtec.cat\/ceip-ignasiiglesias-cornella\/infantil\/p5-esmorzar-saludable\/","title":{"rendered":"P5. Esmorzar saludable"},"content":{"rendered":"<p>Els nens i nenes de P5 hem apr\u00e8s quins s\u00f3n els elements b\u00e0sics per fer un bon esmorzar saludable. I no nom\u00e9s aix\u00f2, tamb\u00e9 els hem preparat amb les nostres mans! P\u00e0 amb tom\u00e0quet i formatge, torrades amb mermelada, suc de taronja exprimit i fruita amb iogurt&#8230; mmmm que bo estava tot! Hem fet un esmorzar tots plegats i molt saludable!<\/p>\n<p>Cliqueu a la foto per veure l&#8217;\u00e0lbum sencer.<\/p>\n<p><a href=\"https:\/\/photos.app.goo.gl\/YBkdczi44gwkFXEx1\"><img loading=\"lazy\" decoding=\"async\" class=\"size-medium wp-image-1462 aligncenter\" src=\"http:\/\/agora.xtec.cat\/ceip-ignasiiglesias-cornella\/wp-content\/uploads\/usu1592\/2018\/01\/IMG_4756-300x225.jpg\" alt=\"\" width=\"300\" height=\"225\" \/><\/a><\/p>\n<p>&nbsp;<\/p>\n","protected":false},"excerpt":{"rendered":"<p>Els nens i nenes de P5 hem apr\u00e8s quins s\u00f3n els elements b\u00e0sics per fer un bon esmorzar saludable. I no nom\u00e9s aix\u00f2, tamb\u00e9 els hem preparat amb les nostres mans! P\u00e0 amb tom\u00e0quet i formatge, torrades amb mermelada, suc de taronja exprimit i fruita&hellip;  <a href=\"https:\/\/agora.xtec.cat\/ceip-ignasiiglesias-cornella\/infantil\/p5-esmorzar-saludable\/\" title=\"Read P5. Esmorzar saludable\">Llegeix m\u00e9s\u00bb<\/a><\/p>\n","protected":false},"author":1,"featured_media":0,"comment_status":"open","ping_status":"closed","sticky":false,"template":"","format":"standard","meta":{"_bbp_topic_count":0,"_bbp_reply_count":0,"_bbp_total_topic_count":0,"_bbp_total_reply_count":0,"_bbp_voice_count":0,"_bbp_anonymous_reply_count":0,"_bbp_topic_count_hidden":0,"_bbp_reply_count_hidden":0,"_bbp_forum_subforum_count":0,"footnotes":""},"categories":[2,9,4],"tags":[88,218,85,86,87,219],"class_list":["post-1460","post","type-post","status-publish","format-standard","hentry","category-infantil","category-p5","category-portada","tag-ballarins","tag-esmorzar","tag-infantil","tag-p5","tag-policies","tag-saludable"],"post_mailing_queue_ids":[],"_links":{"self":[{"href":"https:\/\/agora.xtec.cat\/ceip-ignasiiglesias-cornella\/wp-json\/wp\/v2\/posts\/1460","targetHints":{"allow":["GET"]}}],"collection":[{"href":"https:\/\/agora.xtec.cat\/ceip-ignasiiglesias-cornella\/wp-json\/wp\/v2\/posts"}],"about":[{"href":"https:\/\/agora.xtec.cat\/ceip-ignasiiglesias-cornella\/wp-json\/wp\/v2\/types\/post"}],"author":[{"embeddable":true,"href":"https:\/\/agora.xtec.cat\/ceip-ignasiiglesias-cornella\/wp-json\/wp\/v2\/users\/1"}],"replies":[{"embeddable":true,"href":"https:\/\/agora.xtec.cat\/ceip-ignasiiglesias-cornella\/wp-json\/wp\/v2\/comments?post=1460"}],"version-history":[{"count":2,"href":"https:\/\/agora.xtec.cat\/ceip-ignasiiglesias-cornella\/wp-json\/wp\/v2\/posts\/1460\/revisions"}],"predecessor-version":[{"id":1463,"href":"https:\/\/agora.xtec.cat\/ceip-ignasiiglesias-cornella\/wp-json\/wp\/v2\/posts\/1460\/revisions\/1463"}],"wp:attachment":[{"href":"https:\/\/agora.xtec.cat\/ceip-ignasiiglesias-cornella\/wp-json\/wp\/v2\/media?parent=1460"}],"wp:term":[{"taxonomy":"category","embeddable":true,"href":"https:\/\/agora.xtec.cat\/ceip-ignasiiglesias-cornella\/wp-json\/wp\/v2\/categories?post=1460"},{"taxonomy":"post_tag","embeddable":true,"href":"https:\/\/agora.xtec.cat\/ceip-ignasiiglesias-cornella\/wp-json\/wp\/v2\/tags?post=1460"}],"curies":[{"name":"wp","href":"https:\/\/api.w.org\/{rel}","templated":true}]}}