{"id":1451,"date":"2018-01-22T15:35:49","date_gmt":"2018-01-22T14:35:49","guid":{"rendered":"http:\/\/agora.xtec.cat\/ceip-ignasiiglesias-cornella\/?p=1451"},"modified":"2018-02-15T23:26:00","modified_gmt":"2018-02-15T22:26:00","slug":"carnaval-2018","status":"publish","type":"post","link":"https:\/\/agora.xtec.cat\/ceip-ignasiiglesias-cornella\/portada\/carnaval-2018\/","title":{"rendered":"CARNAVAL 2018"},"content":{"rendered":"<p style=\"text-align: left;\"><img loading=\"lazy\" decoding=\"async\" class=\"alignnone size-medium wp-image-1453\" src=\"http:\/\/agora.xtec.cat\/ceip-ignasiiglesias-cornella\/wp-content\/uploads\/usu1592\/2018\/01\/FA7919B3-7076-46F0-98BB-4EEE8B694A53-300x139.jpeg\" alt=\"\" width=\"300\" height=\"139\" srcset=\"https:\/\/agora.xtec.cat\/ceip-ignasiiglesias-cornella\/wp-content\/uploads\/usu1592\/2018\/01\/FA7919B3-7076-46F0-98BB-4EEE8B694A53-300x139.jpeg 300w, https:\/\/agora.xtec.cat\/ceip-ignasiiglesias-cornella\/wp-content\/uploads\/usu1592\/2018\/01\/FA7919B3-7076-46F0-98BB-4EEE8B694A53.jpeg 750w\" sizes=\"auto, (max-width: 300px) 100vw, 300px\" \/><\/p>\n<p style=\"text-align: left;\">S&#8217;apropa el Carnaval i us volem informar d&#8217;algunes activitats que s&#8217;estan organitzant en les que esteu convidades totes les fam\u00edlies de l&#8217;escola.<\/p>\n<p>El proper <strong>divendres<\/strong> <strong>9 de febrer<\/strong> a la tarda,\u00a0celebrarem al pavell\u00f3 la desfilada de Carnestoltes i, despr\u00e9s, podreu continuar la festa al pati de l&#8217;escola, una festa organitzada per l&#8217;AMPA de l&#8217;escola on tots i totes esteu convidats.<\/p>\n<p>A m\u00e9s, el proper <strong>dijous 15 de febrer<\/strong> a la tarda farem una xocolatada solid\u00e0ria.<\/p>\n<p>Proximament us donarem m\u00e9s informaci\u00f3 en relaci\u00f3 a aquests dos events. Ja podeu reservar els dies!<\/p>\n<p>&nbsp;<\/p>\n","protected":false},"excerpt":{"rendered":"<p>S&#8217;apropa el Carnaval i us volem informar d&#8217;algunes activitats que s&#8217;estan organitzant en les que esteu convidades totes les fam\u00edlies de l&#8217;escola.<br \/>\nEl proper divendres 9 de febrer a la tarda,\u00a0celebrarem al pavell\u00f3 la desfilada de Carnestoltes i, despr\u00e9s, podreu continuar la festa al pati de&hellip;  <a href=\"https:\/\/agora.xtec.cat\/ceip-ignasiiglesias-cornella\/portada\/carnaval-2018\/\" title=\"Read CARNAVAL 2018\">Llegeix m\u00e9s\u00bb<\/a><\/p>\n","protected":false},"author":1,"featured_media":1453,"comment_status":"open","ping_status":"closed","sticky":false,"template":"","format":"standard","meta":{"_bbp_topic_count":0,"_bbp_reply_count":0,"_bbp_total_topic_count":0,"_bbp_total_reply_count":0,"_bbp_voice_count":0,"_bbp_anonymous_reply_count":0,"_bbp_topic_count_hidden":0,"_bbp_reply_count_hidden":0,"_bbp_forum_subforum_count":0,"footnotes":""},"categories":[74,4],"tags":[169,61,62,217,216],"class_list":["post-1451","post","type-post","status-publish","format-standard","has-post-thumbnail","hentry","category-festes","category-portada","tag-ampa","tag-carnaval","tag-festes","tag-solidaria","tag-xocolatada"],"post_mailing_queue_ids":[],"_links":{"self":[{"href":"https:\/\/agora.xtec.cat\/ceip-ignasiiglesias-cornella\/wp-json\/wp\/v2\/posts\/1451","targetHints":{"allow":["GET"]}}],"collection":[{"href":"https:\/\/agora.xtec.cat\/ceip-ignasiiglesias-cornella\/wp-json\/wp\/v2\/posts"}],"about":[{"href":"https:\/\/agora.xtec.cat\/ceip-ignasiiglesias-cornella\/wp-json\/wp\/v2\/types\/post"}],"author":[{"embeddable":true,"href":"https:\/\/agora.xtec.cat\/ceip-ignasiiglesias-cornella\/wp-json\/wp\/v2\/users\/1"}],"replies":[{"embeddable":true,"href":"https:\/\/agora.xtec.cat\/ceip-ignasiiglesias-cornella\/wp-json\/wp\/v2\/comments?post=1451"}],"version-history":[{"count":3,"href":"https:\/\/agora.xtec.cat\/ceip-ignasiiglesias-cornella\/wp-json\/wp\/v2\/posts\/1451\/revisions"}],"predecessor-version":[{"id":1457,"href":"https:\/\/agora.xtec.cat\/ceip-ignasiiglesias-cornella\/wp-json\/wp\/v2\/posts\/1451\/revisions\/1457"}],"wp:featuredmedia":[{"embeddable":true,"href":"https:\/\/agora.xtec.cat\/ceip-ignasiiglesias-cornella\/wp-json\/wp\/v2\/media\/1453"}],"wp:attachment":[{"href":"https:\/\/agora.xtec.cat\/ceip-ignasiiglesias-cornella\/wp-json\/wp\/v2\/media?parent=1451"}],"wp:term":[{"taxonomy":"category","embeddable":true,"href":"https:\/\/agora.xtec.cat\/ceip-ignasiiglesias-cornella\/wp-json\/wp\/v2\/categories?post=1451"},{"taxonomy":"post_tag","embeddable":true,"href":"https:\/\/agora.xtec.cat\/ceip-ignasiiglesias-cornella\/wp-json\/wp\/v2\/tags?post=1451"}],"curies":[{"name":"wp","href":"https:\/\/api.w.org\/{rel}","templated":true}]}}