{"id":1440,"date":"2018-01-04T19:24:52","date_gmt":"2018-01-04T18:24:52","guid":{"rendered":"http:\/\/agora.xtec.cat\/ceip-ignasiiglesias-cornella\/?p=1440"},"modified":"2018-01-04T19:24:52","modified_gmt":"2018-01-04T18:24:52","slug":"intercanvi-de-postals-p5-i-2n","status":"publish","type":"post","link":"https:\/\/agora.xtec.cat\/ceip-ignasiiglesias-cornella\/infantil\/intercanvi-de-postals-p5-i-2n\/","title":{"rendered":"INTERCANVI DE POSTALS, P5 i 2n"},"content":{"rendered":"<p>L&#8217;\u00faltim dia del trimestre\u00a0sempre \u00e9s especial, est\u00e0 carregat d&#8217;emocions i una d&#8217;elles \u00e9s rebre els padrins per intercanviar-nos les postals i fer un petit esmorzar tots plegats. Cliqueu la foto per veure com ens ho hem passat.<\/p>\n<p>&nbsp;<\/p>\n<p><a href=\"https:\/\/photos.google.com\/album\/AF1QipM-2gI092TxMF-ePYsqQHqivnXBPJRN27Uld_gE\"><img loading=\"lazy\" decoding=\"async\" class=\"wp-image-1441 aligncenter\" src=\"http:\/\/agora.xtec.cat\/ceip-ignasiiglesias-cornella\/wp-content\/uploads\/usu1592\/2017\/12\/DSC_0179-1024x768.jpg\" alt=\"\" width=\"442\" height=\"331\" \/><\/a><\/p>\n","protected":false},"excerpt":{"rendered":"<p>L&#8217;\u00faltim dia del trimestre\u00a0sempre \u00e9s especial, est\u00e0 carregat d&#8217;emocions i una d&#8217;elles \u00e9s rebre els padrins per intercanviar-nos les postals i fer un petit esmorzar tots plegats. Cliqueu la foto per veure com ens ho hem passat.<br \/>\n&nbsp;<br \/>\n<a href=\"https:\/\/photos.google.com\/album\/AF1QipM-2gI092TxMF-ePYsqQHqivnXBPJRN27Uld_gE\"><\/a><\/p>\n","protected":false},"author":1,"featured_media":0,"comment_status":"open","ping_status":"closed","sticky":false,"template":"","format":"standard","meta":{"_bbp_topic_count":0,"_bbp_reply_count":0,"_bbp_total_topic_count":0,"_bbp_total_reply_count":0,"_bbp_voice_count":0,"_bbp_anonymous_reply_count":0,"_bbp_topic_count_hidden":0,"_bbp_reply_count_hidden":0,"_bbp_forum_subforum_count":0,"footnotes":""},"categories":[10,2,9,5],"tags":[210,137,85,132,86,211,212,87,207],"class_list":["post-1440","post","type-post","status-publish","format-standard","hentry","category-cicle-inicial","category-infantil","category-p5","category-primaria","tag-2n","tag-cicle-inicial","tag-infantil","tag-nadal","tag-p5","tag-pallassos","tag-pica-pica","tag-policies","tag-postals"],"post_mailing_queue_ids":[],"_links":{"self":[{"href":"https:\/\/agora.xtec.cat\/ceip-ignasiiglesias-cornella\/wp-json\/wp\/v2\/posts\/1440","targetHints":{"allow":["GET"]}}],"collection":[{"href":"https:\/\/agora.xtec.cat\/ceip-ignasiiglesias-cornella\/wp-json\/wp\/v2\/posts"}],"about":[{"href":"https:\/\/agora.xtec.cat\/ceip-ignasiiglesias-cornella\/wp-json\/wp\/v2\/types\/post"}],"author":[{"embeddable":true,"href":"https:\/\/agora.xtec.cat\/ceip-ignasiiglesias-cornella\/wp-json\/wp\/v2\/users\/1"}],"replies":[{"embeddable":true,"href":"https:\/\/agora.xtec.cat\/ceip-ignasiiglesias-cornella\/wp-json\/wp\/v2\/comments?post=1440"}],"version-history":[{"count":3,"href":"https:\/\/agora.xtec.cat\/ceip-ignasiiglesias-cornella\/wp-json\/wp\/v2\/posts\/1440\/revisions"}],"predecessor-version":[{"id":1446,"href":"https:\/\/agora.xtec.cat\/ceip-ignasiiglesias-cornella\/wp-json\/wp\/v2\/posts\/1440\/revisions\/1446"}],"wp:attachment":[{"href":"https:\/\/agora.xtec.cat\/ceip-ignasiiglesias-cornella\/wp-json\/wp\/v2\/media?parent=1440"}],"wp:term":[{"taxonomy":"category","embeddable":true,"href":"https:\/\/agora.xtec.cat\/ceip-ignasiiglesias-cornella\/wp-json\/wp\/v2\/categories?post=1440"},{"taxonomy":"post_tag","embeddable":true,"href":"https:\/\/agora.xtec.cat\/ceip-ignasiiglesias-cornella\/wp-json\/wp\/v2\/tags?post=1440"}],"curies":[{"name":"wp","href":"https:\/\/api.w.org\/{rel}","templated":true}]}}