{"id":1435,"date":"2017-12-24T12:56:16","date_gmt":"2017-12-24T11:56:16","guid":{"rendered":"http:\/\/agora.xtec.cat\/ceip-ignasiiglesias-cornella\/?p=1435"},"modified":"2017-12-24T12:56:16","modified_gmt":"2017-12-24T11:56:16","slug":"el-tio-sha-fet-gran","status":"publish","type":"post","link":"https:\/\/agora.xtec.cat\/ceip-ignasiiglesias-cornella\/infantil\/el-tio-sha-fet-gran\/","title":{"rendered":"El Ti\u00f3 s&#8217;ha fet gran!!!"},"content":{"rendered":"<p>El mat\u00ed del dia 22 de desembre, darrer dia de classe, el ti\u00f3 de cicle infantil s&#8217;havia fet moltttttttt gran.<\/p>\n<p><a href=\"http:\/\/agora.xtec.cat\/ceip-ignasiiglesias-cornella\/wp-content\/uploads\/usu1592\/2017\/12\/IMG_20171222_094933.jpg\"><img loading=\"lazy\" decoding=\"async\" class=\"alignnone wp-image-1436\" src=\"http:\/\/agora.xtec.cat\/ceip-ignasiiglesias-cornella\/wp-content\/uploads\/usu1592\/2017\/12\/IMG_20171222_094933-300x169.jpg\" alt=\"\" width=\"201\" height=\"113\" srcset=\"https:\/\/agora.xtec.cat\/ceip-ignasiiglesias-cornella\/wp-content\/uploads\/usu1592\/2017\/12\/IMG_20171222_094933-300x169.jpg 300w, https:\/\/agora.xtec.cat\/ceip-ignasiiglesias-cornella\/wp-content\/uploads\/usu1592\/2017\/12\/IMG_20171222_094933-768x432.jpg 768w, https:\/\/agora.xtec.cat\/ceip-ignasiiglesias-cornella\/wp-content\/uploads\/usu1592\/2017\/12\/IMG_20171222_094933-1024x576.jpg 1024w\" sizes=\"auto, (max-width: 201px) 100vw, 201px\" \/>\u00a0\u00a0 <\/a><a href=\"http:\/\/agora.xtec.cat\/ceip-ignasiiglesias-cornella\/wp-content\/uploads\/usu1592\/2017\/12\/IMG_20171222_095018.jpg\"><img loading=\"lazy\" decoding=\"async\" class=\"alignnone wp-image-1437\" src=\"http:\/\/agora.xtec.cat\/ceip-ignasiiglesias-cornella\/wp-content\/uploads\/usu1592\/2017\/12\/IMG_20171222_095018-300x169.jpg\" alt=\"\" width=\"209\" height=\"118\" srcset=\"https:\/\/agora.xtec.cat\/ceip-ignasiiglesias-cornella\/wp-content\/uploads\/usu1592\/2017\/12\/IMG_20171222_095018-300x169.jpg 300w, https:\/\/agora.xtec.cat\/ceip-ignasiiglesias-cornella\/wp-content\/uploads\/usu1592\/2017\/12\/IMG_20171222_095018-768x432.jpg 768w, https:\/\/agora.xtec.cat\/ceip-ignasiiglesias-cornella\/wp-content\/uploads\/usu1592\/2017\/12\/IMG_20171222_095018-1024x576.jpg 1024w\" sizes=\"auto, (max-width: 209px) 100vw, 209px\" \/><\/a><\/p>\n<p style=\"text-align: justify;\">Els nens i nenes de P3, P4 i P5 el v\u00e0rem trobar instal\u00b7lat al gimn\u00e0s, amb la panxa ben plena&#8230;. Enguany la novetat ha estat que els nens i nenes de primer i segon,\u00a0 tamb\u00e9 van trobar el seu ti\u00f3 m\u00e9s grassonet i disposat a &#8220;cagar&#8221; regals.<\/p>\n","protected":false},"excerpt":{"rendered":"<p>El mat\u00ed del dia 22 de desembre, darrer dia de classe, el ti\u00f3 de cicle infantil s&#8217;havia fet moltttttttt gran.<br \/>\n<a href=\"http:\/\/agora.xtec.cat\/ceip-ignasiiglesias-cornella\/wp-content\/uploads\/usu1592\/2017\/12\/IMG_20171222_094933.jpg\">\u00a0\u00a0 <\/a><a href=\"http:\/\/agora.xtec.cat\/ceip-ignasiiglesias-cornella\/wp-content\/uploads\/usu1592\/2017\/12\/IMG_20171222_095018.jpg\"><\/a><br \/>\nEls nens i nenes de P3, P4 i P5 el v\u00e0rem trobar instal\u00b7lat al gimn\u00e0s, amb la panxa ben plena&#8230;. Enguany la novetat&hellip;  <a href=\"https:\/\/agora.xtec.cat\/ceip-ignasiiglesias-cornella\/infantil\/el-tio-sha-fet-gran\/\" title=\"Read El Ti\u00f3 s&#8217;ha fet gran!!!\">Llegeix m\u00e9s\u00bb<\/a><\/p>\n","protected":false},"author":1,"featured_media":1437,"comment_status":"open","ping_status":"closed","sticky":false,"template":"","format":"standard","meta":{"_bbp_topic_count":0,"_bbp_reply_count":0,"_bbp_total_topic_count":0,"_bbp_total_reply_count":0,"_bbp_voice_count":0,"_bbp_anonymous_reply_count":0,"_bbp_topic_count_hidden":0,"_bbp_reply_count_hidden":0,"_bbp_forum_subforum_count":0,"footnotes":""},"categories":[10,74,2,4],"tags":[132,188],"class_list":["post-1435","post","type-post","status-publish","format-standard","has-post-thumbnail","hentry","category-cicle-inicial","category-festes","category-infantil","category-portada","tag-nadal","tag-tio"],"post_mailing_queue_ids":[],"_links":{"self":[{"href":"https:\/\/agora.xtec.cat\/ceip-ignasiiglesias-cornella\/wp-json\/wp\/v2\/posts\/1435","targetHints":{"allow":["GET"]}}],"collection":[{"href":"https:\/\/agora.xtec.cat\/ceip-ignasiiglesias-cornella\/wp-json\/wp\/v2\/posts"}],"about":[{"href":"https:\/\/agora.xtec.cat\/ceip-ignasiiglesias-cornella\/wp-json\/wp\/v2\/types\/post"}],"author":[{"embeddable":true,"href":"https:\/\/agora.xtec.cat\/ceip-ignasiiglesias-cornella\/wp-json\/wp\/v2\/users\/1"}],"replies":[{"embeddable":true,"href":"https:\/\/agora.xtec.cat\/ceip-ignasiiglesias-cornella\/wp-json\/wp\/v2\/comments?post=1435"}],"version-history":[{"count":1,"href":"https:\/\/agora.xtec.cat\/ceip-ignasiiglesias-cornella\/wp-json\/wp\/v2\/posts\/1435\/revisions"}],"predecessor-version":[{"id":1438,"href":"https:\/\/agora.xtec.cat\/ceip-ignasiiglesias-cornella\/wp-json\/wp\/v2\/posts\/1435\/revisions\/1438"}],"wp:featuredmedia":[{"embeddable":true,"href":"https:\/\/agora.xtec.cat\/ceip-ignasiiglesias-cornella\/wp-json\/wp\/v2\/media\/1437"}],"wp:attachment":[{"href":"https:\/\/agora.xtec.cat\/ceip-ignasiiglesias-cornella\/wp-json\/wp\/v2\/media?parent=1435"}],"wp:term":[{"taxonomy":"category","embeddable":true,"href":"https:\/\/agora.xtec.cat\/ceip-ignasiiglesias-cornella\/wp-json\/wp\/v2\/categories?post=1435"},{"taxonomy":"post_tag","embeddable":true,"href":"https:\/\/agora.xtec.cat\/ceip-ignasiiglesias-cornella\/wp-json\/wp\/v2\/tags?post=1435"}],"curies":[{"name":"wp","href":"https:\/\/api.w.org\/{rel}","templated":true}]}}