{"id":1362,"date":"2017-12-17T17:25:05","date_gmt":"2017-12-17T16:25:05","guid":{"rendered":"http:\/\/agora.xtec.cat\/ceip-ignasiiglesias-cornella\/?p=1362"},"modified":"2017-12-17T17:25:05","modified_gmt":"2017-12-17T16:25:05","slug":"3r-observacio-duna-planta-coneixement-del-medi","status":"publish","type":"post","link":"https:\/\/agora.xtec.cat\/ceip-ignasiiglesias-cornella\/primaria\/3r-observacio-duna-planta-coneixement-del-medi\/","title":{"rendered":"3r Observaci\u00f3 d&#8217;una planta. Coneixement del medi."},"content":{"rendered":"<p style=\"text-align: justify;\">Estem estudiant el funcionament d&#8217;alguns vegetals, i resulta que estem evoltats d&#8217;ells. Podem observar les plantes fins i tot a la classe.<\/p>\n<p style=\"text-align: justify;\"><a href=\"https:\/\/photos.app.goo.gl\/5MPdvrEbOxu5gGL83\"><img loading=\"lazy\" decoding=\"async\" class=\"size-medium wp-image-1363 alignright\" src=\"http:\/\/agora.xtec.cat\/ceip-ignasiiglesias-cornella\/wp-content\/uploads\/usu1592\/2017\/12\/IMG_2042-300x225.jpg\" alt=\"\" width=\"300\" height=\"225\" \/><\/a><\/p>\n<p style=\"text-align: justify;\">Observar \u00e9s un procediment que no \u00e9s tan passiu com sembla, i que aporta molta informaci\u00f3.<\/p>\n<p style=\"text-align: justify;\">Despr\u00e9s d&#8217;indentificar la forma d&#8217;una fulla, les seves dues cares, el peciol i la nervadura&#8230;.hem confeccionat una bosseta d&#8217;olor, perqu\u00e8 la planta escollida tenia propietats arom\u00e0tiques.<\/p>\n<p style=\"text-align: justify;\">Despr\u00e9s hem fet el recull en una fitxa molt senzilla. La lupa ha estat un instrument molt f\u00e0cil d&#8217;utilitzar, que ens ha permet veure com la teoria tenia una vessant pr\u00e0ctica.<\/p>\n","protected":false},"excerpt":{"rendered":"<p>Estem estudiant el funcionament d&#8217;alguns vegetals, i resulta que estem evoltats d&#8217;ells. Podem observar les plantes fins i tot a la classe.<br \/>\n<a href=\"https:\/\/photos.app.goo.gl\/5MPdvrEbOxu5gGL83\"><\/a><br \/>\nObservar \u00e9s un procediment que no \u00e9s tan passiu com sembla, i que aporta molta informaci\u00f3.<br \/>\nDespr\u00e9s d&#8217;indentificar la forma d&#8217;una fulla, les seves&hellip;  <a href=\"https:\/\/agora.xtec.cat\/ceip-ignasiiglesias-cornella\/primaria\/3r-observacio-duna-planta-coneixement-del-medi\/\" title=\"Read 3r Observaci\u00f3 d&#8217;una planta. Coneixement del medi.\">Llegeix m\u00e9s\u00bb<\/a><\/p>\n","protected":false},"author":1,"featured_media":0,"comment_status":"open","ping_status":"closed","sticky":false,"template":"","format":"standard","meta":{"_bbp_topic_count":0,"_bbp_reply_count":0,"_bbp_total_topic_count":0,"_bbp_total_reply_count":0,"_bbp_voice_count":0,"_bbp_anonymous_reply_count":0,"_bbp_topic_count_hidden":0,"_bbp_reply_count_hidden":0,"_bbp_forum_subforum_count":0,"footnotes":""},"categories":[12,5],"tags":[174,195,166,193,194,125],"class_list":["post-1362","post","type-post","status-publish","format-standard","hentry","category-cicle-mitja","category-primaria","tag-3r","tag-medi","tag-mitja","tag-observacio","tag-planta","tag-primaria"],"post_mailing_queue_ids":[],"_links":{"self":[{"href":"https:\/\/agora.xtec.cat\/ceip-ignasiiglesias-cornella\/wp-json\/wp\/v2\/posts\/1362","targetHints":{"allow":["GET"]}}],"collection":[{"href":"https:\/\/agora.xtec.cat\/ceip-ignasiiglesias-cornella\/wp-json\/wp\/v2\/posts"}],"about":[{"href":"https:\/\/agora.xtec.cat\/ceip-ignasiiglesias-cornella\/wp-json\/wp\/v2\/types\/post"}],"author":[{"embeddable":true,"href":"https:\/\/agora.xtec.cat\/ceip-ignasiiglesias-cornella\/wp-json\/wp\/v2\/users\/1"}],"replies":[{"embeddable":true,"href":"https:\/\/agora.xtec.cat\/ceip-ignasiiglesias-cornella\/wp-json\/wp\/v2\/comments?post=1362"}],"version-history":[{"count":2,"href":"https:\/\/agora.xtec.cat\/ceip-ignasiiglesias-cornella\/wp-json\/wp\/v2\/posts\/1362\/revisions"}],"predecessor-version":[{"id":1365,"href":"https:\/\/agora.xtec.cat\/ceip-ignasiiglesias-cornella\/wp-json\/wp\/v2\/posts\/1362\/revisions\/1365"}],"wp:attachment":[{"href":"https:\/\/agora.xtec.cat\/ceip-ignasiiglesias-cornella\/wp-json\/wp\/v2\/media?parent=1362"}],"wp:term":[{"taxonomy":"category","embeddable":true,"href":"https:\/\/agora.xtec.cat\/ceip-ignasiiglesias-cornella\/wp-json\/wp\/v2\/categories?post=1362"},{"taxonomy":"post_tag","embeddable":true,"href":"https:\/\/agora.xtec.cat\/ceip-ignasiiglesias-cornella\/wp-json\/wp\/v2\/tags?post=1362"}],"curies":[{"name":"wp","href":"https:\/\/api.w.org\/{rel}","templated":true}]}}