{"id":1221,"date":"2017-11-30T10:53:17","date_gmt":"2017-11-30T09:53:17","guid":{"rendered":"http:\/\/agora.xtec.cat\/ceip-ignasiiglesias-cornella\/?p=1221"},"modified":"2017-11-30T10:56:09","modified_gmt":"2017-11-30T09:56:09","slug":"5e-drets-dels-infants","status":"publish","type":"post","link":"https:\/\/agora.xtec.cat\/ceip-ignasiiglesias-cornella\/portada\/5e-drets-dels-infants\/","title":{"rendered":"5\u00e8. DRETS DELS INFANTS"},"content":{"rendered":"<p>El passat dilluns 20 de novembre els alumnes de 5\u00e8 v\u00e0rem anar a celebrar el dia dels Drets dels Infants a la pla\u00e7a Sant Illdefons amb altres escoles de Cornell\u00e0.<\/p>\n<p>V\u00e0rem realitzar tallers, danses i escoltar el Consell dels Infants, que s\u00f3n els nostres representants a la ciutat, demanant que es compleixin aquests Drets.<a href=\"https:\/\/photos.app.goo.gl\/BGYWJms1yEaxVO3u2\"><img loading=\"lazy\" decoding=\"async\" class=\"wp-image-1222 aligncenter\" src=\"http:\/\/agora.xtec.cat\/ceip-ignasiiglesias-cornella\/wp-content\/uploads\/usu1592\/2017\/11\/drets_dels_infants_2-1024x724.jpg\" alt=\"\" width=\"379\" height=\"268\" \/><\/a><\/p>\n<p style=\"text-align: center;\">Per veure m\u00e9s imatges del dia, cliqueu sobre la imatge.<\/p>\n","protected":false},"excerpt":{"rendered":"<p>El passat dilluns 20 de novembre els alumnes de 5\u00e8 v\u00e0rem anar a celebrar el dia dels Drets dels Infants a la pla\u00e7a Sant Illdefons amb altres escoles de Cornell\u00e0.<br \/>\nV\u00e0rem realitzar tallers, danses i escoltar el Consell dels Infants, que s\u00f3n els nostres representants a&hellip;  <a href=\"https:\/\/agora.xtec.cat\/ceip-ignasiiglesias-cornella\/portada\/5e-drets-dels-infants\/\" title=\"Read 5\u00e8. DRETS DELS INFANTS\">Llegeix m\u00e9s\u00bb<\/a><\/p>\n","protected":false},"author":1,"featured_media":0,"comment_status":"open","ping_status":"closed","sticky":false,"template":"","format":"standard","meta":{"_bbp_topic_count":0,"_bbp_reply_count":0,"_bbp_total_topic_count":0,"_bbp_total_reply_count":0,"_bbp_voice_count":0,"_bbp_anonymous_reply_count":0,"_bbp_topic_count_hidden":0,"_bbp_reply_count_hidden":0,"_bbp_forum_subforum_count":0,"footnotes":""},"categories":[14,4,5],"tags":[119,167,168,125,141,131],"class_list":["post-1221","post","type-post","status-publish","format-standard","hentry","category-cicle-superior","category-portada","category-primaria","tag-5e","tag-drets","tag-infants","tag-primaria","tag-sortida","tag-superior"],"post_mailing_queue_ids":[],"_links":{"self":[{"href":"https:\/\/agora.xtec.cat\/ceip-ignasiiglesias-cornella\/wp-json\/wp\/v2\/posts\/1221","targetHints":{"allow":["GET"]}}],"collection":[{"href":"https:\/\/agora.xtec.cat\/ceip-ignasiiglesias-cornella\/wp-json\/wp\/v2\/posts"}],"about":[{"href":"https:\/\/agora.xtec.cat\/ceip-ignasiiglesias-cornella\/wp-json\/wp\/v2\/types\/post"}],"author":[{"embeddable":true,"href":"https:\/\/agora.xtec.cat\/ceip-ignasiiglesias-cornella\/wp-json\/wp\/v2\/users\/1"}],"replies":[{"embeddable":true,"href":"https:\/\/agora.xtec.cat\/ceip-ignasiiglesias-cornella\/wp-json\/wp\/v2\/comments?post=1221"}],"version-history":[{"count":2,"href":"https:\/\/agora.xtec.cat\/ceip-ignasiiglesias-cornella\/wp-json\/wp\/v2\/posts\/1221\/revisions"}],"predecessor-version":[{"id":1226,"href":"https:\/\/agora.xtec.cat\/ceip-ignasiiglesias-cornella\/wp-json\/wp\/v2\/posts\/1221\/revisions\/1226"}],"wp:attachment":[{"href":"https:\/\/agora.xtec.cat\/ceip-ignasiiglesias-cornella\/wp-json\/wp\/v2\/media?parent=1221"}],"wp:term":[{"taxonomy":"category","embeddable":true,"href":"https:\/\/agora.xtec.cat\/ceip-ignasiiglesias-cornella\/wp-json\/wp\/v2\/categories?post=1221"},{"taxonomy":"post_tag","embeddable":true,"href":"https:\/\/agora.xtec.cat\/ceip-ignasiiglesias-cornella\/wp-json\/wp\/v2\/tags?post=1221"}],"curies":[{"name":"wp","href":"https:\/\/api.w.org\/{rel}","templated":true}]}}