{"id":1190,"date":"2017-11-26T21:46:25","date_gmt":"2017-11-26T20:46:25","guid":{"rendered":"http:\/\/agora.xtec.cat\/ceip-ignasiiglesias-cornella\/?p=1190"},"modified":"2017-11-26T21:57:04","modified_gmt":"2017-11-26T20:57:04","slug":"3r-tot-allo-que-es-pot-mesurar","status":"publish","type":"post","link":"https:\/\/agora.xtec.cat\/ceip-ignasiiglesias-cornella\/portada\/3r-tot-allo-que-es-pot-mesurar\/","title":{"rendered":"3r. Tot all\u00f2 que es pot mesurar"},"content":{"rendered":"<p>Els nens i nenes de 3r hem baixat a l&#8217;aula de ci\u00e8ncies per fer una sessi\u00f3 pr\u00e0ctica.<\/p>\n<p>Tots plegats hem compartit idees i hem arribat a la conclusi\u00f3 que els nombres ens ajuden a comprendre moltes coses que ens envolten.<\/p>\n<p>La temperatura que fa, els grams que pesa un aliment, o la nostra al\u00e7ada &#8230;.es determina amb n\u00famero, per aix\u00f2 hem utilitzat alguns estris per mesurar.<\/p>\n<p><a href=\"https:\/\/photos.app.goo.gl\/bnqvVXoIfFHg4xMe2\"><img loading=\"lazy\" decoding=\"async\" class=\"alignnone wp-image-1191 size-medium\" src=\"http:\/\/agora.xtec.cat\/ceip-ignasiiglesias-cornella\/wp-content\/uploads\/usu1592\/2017\/11\/IMG_1903-225x300.jpg\" alt=\"\" width=\"225\" height=\"300\" \/><\/a><\/p>\n","protected":false},"excerpt":{"rendered":"<p>Els nens i nenes de 3r hem baixat a l&#8217;aula de ci\u00e8ncies per fer una sessi\u00f3 pr\u00e0ctica.<br \/>\nTots plegats hem compartit idees i hem arribat a la conclusi\u00f3 que els nombres ens ajuden a comprendre moltes coses que ens envolten.<br \/>\nLa temperatura que fa, els grams que&hellip;  <a href=\"https:\/\/agora.xtec.cat\/ceip-ignasiiglesias-cornella\/portada\/3r-tot-allo-que-es-pot-mesurar\/\" title=\"Read 3r. Tot all\u00f2 que es pot mesurar\">Llegeix m\u00e9s\u00bb<\/a><\/p>\n","protected":false},"author":1,"featured_media":0,"comment_status":"open","ping_status":"closed","sticky":false,"template":"","format":"standard","meta":{"_bbp_topic_count":0,"_bbp_reply_count":0,"_bbp_total_topic_count":0,"_bbp_total_reply_count":0,"_bbp_voice_count":0,"_bbp_anonymous_reply_count":0,"_bbp_topic_count_hidden":0,"_bbp_reply_count_hidden":0,"_bbp_forum_subforum_count":0,"footnotes":""},"categories":[12,4,5],"tags":[155,156,157,159],"class_list":["post-1190","post","type-post","status-publish","format-standard","hentry","category-cicle-mitja","category-portada","category-primaria","tag-cicle-mitja","tag-ciencies","tag-mesurar","tag-tercer"],"post_mailing_queue_ids":[],"_links":{"self":[{"href":"https:\/\/agora.xtec.cat\/ceip-ignasiiglesias-cornella\/wp-json\/wp\/v2\/posts\/1190","targetHints":{"allow":["GET"]}}],"collection":[{"href":"https:\/\/agora.xtec.cat\/ceip-ignasiiglesias-cornella\/wp-json\/wp\/v2\/posts"}],"about":[{"href":"https:\/\/agora.xtec.cat\/ceip-ignasiiglesias-cornella\/wp-json\/wp\/v2\/types\/post"}],"author":[{"embeddable":true,"href":"https:\/\/agora.xtec.cat\/ceip-ignasiiglesias-cornella\/wp-json\/wp\/v2\/users\/1"}],"replies":[{"embeddable":true,"href":"https:\/\/agora.xtec.cat\/ceip-ignasiiglesias-cornella\/wp-json\/wp\/v2\/comments?post=1190"}],"version-history":[{"count":3,"href":"https:\/\/agora.xtec.cat\/ceip-ignasiiglesias-cornella\/wp-json\/wp\/v2\/posts\/1190\/revisions"}],"predecessor-version":[{"id":1210,"href":"https:\/\/agora.xtec.cat\/ceip-ignasiiglesias-cornella\/wp-json\/wp\/v2\/posts\/1190\/revisions\/1210"}],"wp:attachment":[{"href":"https:\/\/agora.xtec.cat\/ceip-ignasiiglesias-cornella\/wp-json\/wp\/v2\/media?parent=1190"}],"wp:term":[{"taxonomy":"category","embeddable":true,"href":"https:\/\/agora.xtec.cat\/ceip-ignasiiglesias-cornella\/wp-json\/wp\/v2\/categories?post=1190"},{"taxonomy":"post_tag","embeddable":true,"href":"https:\/\/agora.xtec.cat\/ceip-ignasiiglesias-cornella\/wp-json\/wp\/v2\/tags?post=1190"}],"curies":[{"name":"wp","href":"https:\/\/api.w.org\/{rel}","templated":true}]}}